{"id":8866,"date":"2020-01-08T15:00:59","date_gmt":"2020-01-08T15:00:59","guid":{"rendered":"https:\/\/www.radiopresidenteibanez.cl\/web\/?p=8866"},"modified":"2020-01-08T15:01:02","modified_gmt":"2020-01-08T15:01:02","slug":"seremi-de-obras-publicas-explico-en-detalle-plan-de-inversiones-para-2020-en-magallanes-a-cchc-punta-arenas","status":"publish","type":"post","link":"https:\/\/www.radiopresidenteibanez.cl\/web\/seremi-de-obras-publicas-explico-en-detalle-plan-de-inversiones-para-2020-en-magallanes-a-cchc-punta-arenas\/","title":{"rendered":"SEREMI DE OBRAS P\u00daBLICAS EXPLIC\u00d3 EN DETALLE PLAN DE INVERSIONES PARA 2020 EN MAGALLANES A CCHC PUNTA ARENAS"},"content":{"rendered":"\n<p>\n\nEl Consejo Regional de la C\u00e1mara Chilena de la Construcci\u00f3n de Punta Arenas se reuni\u00f3 con el seremi de Obras P\u00fablicas, Pablo Rendoll para conocer en detalle el plan de inversi\u00f3n de la cartera en la regi\u00f3n para el a\u00f1o 2020.<\/p>\n\n\n\n<p>En el encuentro, el seremi del MOP, en conjunto con las autoridades de las direcciones de Arquitectura, Obras Hidr\u00e1ulicas, Obras Portuarias, Planeamiento y Vialidad, entregaron detalles a la asociaci\u00f3n gremial de la construcci\u00f3n sobre el estado de los proyectos de infraestructura presentes en la regi\u00f3n y los pr\u00f3ximos que comenzar\u00e1n a desarrollarse durante el presente a\u00f1o.<\/p>\n\n\n\n<p>\u201cEsta es la primera reuni\u00f3n del 2020 con la C\u00e1mara, a quienes dimos un panorama general de los proyectos que vamos a realizar durante el presente a\u00f1o y b\u00e1sicamente les dimos a conocer cu\u00e1les son las iniciativas nuevas y un barrido general de los ya aprobados, como las construcciones del Centro de Salud Mental y Geri\u00e1trico Punta Arenas y del Archivo y Biblioteca Regional, las nuevas etapa del camino Porvenir- Manantiales y de la pavimentaci\u00f3n del Cerro Castillo hacia Torres del Paine, la nueva licitaci\u00f3n del Terminal de Pasajeros (proyecto concesionable) y la futura licitaci\u00f3n del muelle Bah\u00eda Fildes en la provincia Ant\u00e1rtica, entre otros\u201d, indic\u00f3 Rendoll.<\/p>\n\n\n\n<p>Algunos de los anuncios m\u00e1s importantes fueron la posibilidad de la creaci\u00f3n de un segundo Plan Especial de Desarrollo Zonas Extremas (Pedze) y los $25 mil millones adicionales para el presupuesto del Fondo Nacional de Desarrollo Regional (FNDR) para este a\u00f1o en Magallanes.<\/p>\n\n\n\n<p>\u201cSeguramente este a\u00f1o va a crecer bastante el presupuesto del FNDR, por lo tanto el desaf\u00edo es ver c\u00f3mo podemos compatibilizar nuestros proyectos con la inversi\u00f3n que tienen ellos y ayudarles a utilizar esos recursos. En paralelo, tambi\u00e9n est\u00e1 la evaluaci\u00f3n de un segundo Pedze: en los pr\u00f3ximos d\u00edas habr\u00e1 una reuni\u00f3n con la empresa consultora y sabremos m\u00e1s detalles\u201d, asegur\u00f3 el seremi MOP.<\/p>\n\n\n\n<p>Finalmente, desde la serem\u00eda de Obras P\u00fablicas expresaron su preocupaci\u00f3n por la gran cantidad de obras calificadas como \u201cmenores\u201d en la regi\u00f3n que son declaradas desiertas por la no presentaci\u00f3n de oferentes.<\/p>\n\n\n\n<p>\u201cLamentablemente esa situaci\u00f3n se produce por varios factores: en la regi\u00f3n existe una escasez de mano de obra especializada en construcci\u00f3n, lo que dificulta que las empresas del sector puedan cumplir los (muchas veces) elevados requisitos de las licitaciones de las obras menores. Adem\u00e1s, hay una baja certeza de la continuidad de este tipo de trabajos, por lo que es dif\u00edcil que se dediquen a ellos y postulen a todos los proyectos. Por otro lado, hay un n\u00famero reducido de contratistas registrados en el MOP, lo que hace a\u00fan m\u00e1s complicada esta tarea. Pero, como C\u00e1mara nos comprometemos a analizar estas causas y buscar posibles soluciones, como continuar capacitando mano de obra en la regi\u00f3n y revisar los requisitos solicitados para ingresar al registro de contratistas de obras menores del MOP\u201d, indic\u00f3 Jos\u00e9 Alvarado, presidente de CChC Punta Arenas.<br><\/p>\n","protected":false},"excerpt":{"rendered":"<p>El Consejo Regional de la C\u00e1mara Chilena de la Construcci\u00f3n de Punta Arenas se reuni\u00f3 con el seremi de Obras P\u00fablicas, Pablo Rendoll para conocer en detalle el plan de&#8230; <a class=\"read-more\" href=\"https:\/\/www.radiopresidenteibanez.cl\/web\/seremi-de-obras-publicas-explico-en-detalle-plan-de-inversiones-para-2020-en-magallanes-a-cchc-punta-arenas\/\">Leer m\u00e1s<\/a><\/p>\n","protected":false},"author":2,"featured_media":8867,"comment_status":"closed","ping_status":"closed","sticky":false,"template":"","format":"standard","meta":{"footnotes":""},"categories":[1],"tags":[],"class_list":["post-8866","post","type-post","status-publish","format-standard","has-post-thumbnail","hentry","category-cronica"],"_links":{"self":[{"href":"https:\/\/www.radiopresidenteibanez.cl\/web\/wp-json\/wp\/v2\/posts\/8866","targetHints":{"allow":["GET"]}}],"collection":[{"href":"https:\/\/www.radiopresidenteibanez.cl\/web\/wp-json\/wp\/v2\/posts"}],"about":[{"href":"https:\/\/www.radiopresidenteibanez.cl\/web\/wp-json\/wp\/v2\/types\/post"}],"author":[{"embeddable":true,"href":"https:\/\/www.radiopresidenteibanez.cl\/web\/wp-json\/wp\/v2\/users\/2"}],"replies":[{"embeddable":true,"href":"https:\/\/www.radiopresidenteibanez.cl\/web\/wp-json\/wp\/v2\/comments?post=8866"}],"version-history":[{"count":0,"href":"https:\/\/www.radiopresidenteibanez.cl\/web\/wp-json\/wp\/v2\/posts\/8866\/revisions"}],"wp:featuredmedia":[{"embeddable":true,"href":"https:\/\/www.radiopresidenteibanez.cl\/web\/wp-json\/wp\/v2\/media\/8867"}],"wp:attachment":[{"href":"https:\/\/www.radiopresidenteibanez.cl\/web\/wp-json\/wp\/v2\/media?parent=8866"}],"wp:term":[{"taxonomy":"category","embeddable":true,"href":"https:\/\/www.radiopresidenteibanez.cl\/web\/wp-json\/wp\/v2\/categories?post=8866"},{"taxonomy":"post_tag","embeddable":true,"href":"https:\/\/www.radiopresidenteibanez.cl\/web\/wp-json\/wp\/v2\/tags?post=8866"}],"curies":[{"name":"wp","href":"https:\/\/api.w.org\/{rel}","templated":true}]}}