{"id":8864,"date":"2020-01-08T14:51:50","date_gmt":"2020-01-08T14:51:50","guid":{"rendered":"https:\/\/www.radiopresidenteibanez.cl\/web\/?p=8864"},"modified":"2020-01-08T15:26:53","modified_gmt":"2020-01-08T15:26:53","slug":"el-mamo-padre-de-la-patria-por-pablo-cruz","status":"publish","type":"post","link":"https:\/\/www.radiopresidenteibanez.cl\/web\/el-mamo-padre-de-la-patria-por-pablo-cruz\/","title":{"rendered":"EL \u201cMAMO\u201d PADRE DE LA PATRIA por PABLO CRUZ"},"content":{"rendered":"\n<p>Cuando el presidente\nPi\u00f1era sac\u00f3 a las calles al Ej\u00e9rcito para contener la protesta social, muchos\nrecordaron cuando el general Pinochet hac\u00eda lo mismo.<\/p>\n\n\n\n<p>Y muchos se preguntaron\nsi este ej\u00e9rcito de 2018 era el mismo de aquel de 1973.<\/p>\n\n\n\n<p>La respuesta la ha dado\nel comandante en jefe del ej\u00e9rcito, el general Ricardo Mart\u00ednez, luego que\napelara a la decisi\u00f3n de la Corte de Apelaciones de Santiago que ordenara\nretirar las\nplacas e im\u00e1genes del \u00abMamo\u00bb Contreras, el ex jefe de la Dina, fallecido el a\u00f1o 2015, condenado\npor cr\u00edmenes de lesa humanidad, cometidos durante la dictadura de Pinochet, a\nm\u00e1s de 500 a\u00f1os de c\u00e1rcel.<\/p>\n\n\n\n<p>El general Mart\u00ednez, comandante en jefe del Ej\u00e9rcito, aleg\u00f3, primero,\nque c\u00f3mo nadie ha ordenado retirar las fotos de Silva Renard, el carnicero de\nla Escuela Santa Mar\u00eda de Iquique, y, en segundo lugar, compar\u00f3 al Mamo\nContreras con el pr\u00f3cer patrio Jos\u00e9 Miguel Carrera. En cuanto al primero, Silva\nRenard, a confesi\u00f3n de partes\u2026 es de esperar que alguien presente un recurso\njudicial para que retiren sus placas.<\/p>\n\n\n\n<p>En cuanto al segundo, el Instituto Jos\u00e9 Miguel Carrera rechaz\u00f3 la defensa\ndel Mamo Contreras hecha por el general Mart\u00ednez, se\u00f1alando que \u00abrefleja\nun alto grado de ignorancia\u2026 causando un agravio inaceptable a la figura y obra\nhist\u00f3rica del General Carrera\u201d.<\/p>\n\n\n\n<p>Adem\u00e1s a\u00f1adi\u00f3 que Carrera \u00abEs\nreconocido por todos como el Padre de la Patria Vieja y Primer Comandante en\nJefe del Ej\u00e9rcito de Chile, iniciador del proceso de la independencia de Chile,\nluch\u00f3 de frente a sus enemigos por la libertad de Chile, gobern\u00f3 y construy\u00f3\nlas bases de nuestra rep\u00fablica\u00bb. Habr\u00eda que agregar que durante su\ngobierno se public\u00f3 el primer peri\u00f3dico nacional, la \u201cAurora de Chile\u201d.<\/p>\n\n\n\n<p>Ha quedado claro entonces. Para el\nactual Ej\u00e9rcito, el que comanda el general Ricardo Mart\u00ednez, el asesino y\ntorturador general Manuel, alias Mamo, Contreras es un nuevo Padre de la\nPatria.<\/p>\n\n\n\n<p>Hay que destacar que la\ndeclaraci\u00f3n del Instituto Jos\u00e9 Miguel Carrera agrega: \u00abestamos seguros que\nesta absurda e inadmisible comparaci\u00f3n no es compartida por el Ej\u00e9rcito de\nChile y no constituye m\u00e1s que una absurda y mediocre argumentaci\u00f3n de un\ndefensor inculto, carente de todo contenido jur\u00eddico y contraria a la verdad\nhist\u00f3rica\u00bb.<\/p>\n","protected":false},"excerpt":{"rendered":"<p>Cuando el presidente Pi\u00f1era sac\u00f3 a las calles al Ej\u00e9rcito para contener la protesta social, muchos recordaron cuando el general Pinochet hac\u00eda lo mismo. Y muchos se preguntaron si este&#8230; <a class=\"read-more\" href=\"https:\/\/www.radiopresidenteibanez.cl\/web\/el-mamo-padre-de-la-patria-por-pablo-cruz\/\">Leer m\u00e1s<\/a><\/p>\n","protected":false},"author":2,"featured_media":6141,"comment_status":"closed","ping_status":"closed","sticky":false,"template":"","format":"standard","meta":{"footnotes":""},"categories":[1],"tags":[],"class_list":["post-8864","post","type-post","status-publish","format-standard","has-post-thumbnail","hentry","category-cronica"],"_links":{"self":[{"href":"https:\/\/www.radiopresidenteibanez.cl\/web\/wp-json\/wp\/v2\/posts\/8864","targetHints":{"allow":["GET"]}}],"collection":[{"href":"https:\/\/www.radiopresidenteibanez.cl\/web\/wp-json\/wp\/v2\/posts"}],"about":[{"href":"https:\/\/www.radiopresidenteibanez.cl\/web\/wp-json\/wp\/v2\/types\/post"}],"author":[{"embeddable":true,"href":"https:\/\/www.radiopresidenteibanez.cl\/web\/wp-json\/wp\/v2\/users\/2"}],"replies":[{"embeddable":true,"href":"https:\/\/www.radiopresidenteibanez.cl\/web\/wp-json\/wp\/v2\/comments?post=8864"}],"version-history":[{"count":0,"href":"https:\/\/www.radiopresidenteibanez.cl\/web\/wp-json\/wp\/v2\/posts\/8864\/revisions"}],"wp:featuredmedia":[{"embeddable":true,"href":"https:\/\/www.radiopresidenteibanez.cl\/web\/wp-json\/wp\/v2\/media\/6141"}],"wp:attachment":[{"href":"https:\/\/www.radiopresidenteibanez.cl\/web\/wp-json\/wp\/v2\/media?parent=8864"}],"wp:term":[{"taxonomy":"category","embeddable":true,"href":"https:\/\/www.radiopresidenteibanez.cl\/web\/wp-json\/wp\/v2\/categories?post=8864"},{"taxonomy":"post_tag","embeddable":true,"href":"https:\/\/www.radiopresidenteibanez.cl\/web\/wp-json\/wp\/v2\/tags?post=8864"}],"curies":[{"name":"wp","href":"https:\/\/api.w.org\/{rel}","templated":true}]}}