{"id":8861,"date":"2020-01-08T14:49:09","date_gmt":"2020-01-08T14:49:09","guid":{"rendered":"https:\/\/www.radiopresidenteibanez.cl\/web\/?p=8861"},"modified":"2020-01-08T14:49:14","modified_gmt":"2020-01-08T14:49:14","slug":"directores-de-liceos-bicentenario-inician-capacitaciones-con-mineduc","status":"publish","type":"post","link":"https:\/\/www.radiopresidenteibanez.cl\/web\/directores-de-liceos-bicentenario-inician-capacitaciones-con-mineduc\/","title":{"rendered":"DIRECTORES DE LICEOS BICENTENARIO INICIAN CAPACITACIONES CON MINEDUC"},"content":{"rendered":"\n<p>El Seremi de Educaci\u00f3n de Magallanes, Rodrigo Sep\u00falveda Tagle, despidi\u00f3  a las y los directores de Liceos Bicentenario de la regi\u00f3n de Magallanes que viajaron a Santiago a capacitarse. Los 4 establecimientos que se suman como Liceos Bicentenario son Liceo Luis Cruz Mart\u00ednez y Mar\u00eda Mazzarello de Natales; Instituto Superior de Comercio de Punta Arenas y Liceo Donald Mc Intyre de Puerto Williams.<\/p>\n\n\n\n<p>Estos liceos forman parte de la lista de los 100 nuevos Liceos Bicentenario que estar\u00e1n operativos en 2020. \u201cLos Liceos Bicentenarios han conseguido revitalizar la educaci\u00f3n p\u00fablica posicion\u00e1ndose como una opci\u00f3n atractiva para las familias. Nuestro compromiso es apoyarlos para que alcancen y mantengan est\u00e1ndares de excelencia, y as\u00ed puedan entregar una educaci\u00f3n p\u00fablica de calidad que le abra las puertas a sus estudiantes, entreg\u00e1ndoles las herramientas necesarias para desarrollar sus capacidades y desenvolverse con \u00e9xito en el futuro\u201d, afirm\u00f3 Rodrigo Sep\u00falveda Tagle.<\/p>\n\n\n\n<p>El seminario al que asisten los directores se realizar\u00e1 entre el 8 y 10 de enero, instancia en la cual podr\u00e1n compartir experiencias con los 100 liceos reci\u00e9n nombrados y los 100 que ya estaban funcionando. El objetivo es informar a los nuevos directores sobre la \u201ccultura de los Liceos Bicentenario\u201d, introduci\u00e9ndolos en los principios y ejes que cada proyecto educativo institucional que deben cumplir con las altas expectativas de la comunidad educativa. Los Liceos Bicentenario deben centrar los aprendizajes en el aula concretando un fuerte liderazgo directivo y docente.<\/p>\n\n\n\n<p>Junto a lo anterior, tambi\u00e9n podr\u00e1n conocer el apoyo pedag\u00f3gico que ofrece y monitorea la unidad de coordinaci\u00f3n de Liceos Bicentenario a nivel central que consiste en un \u201csistema de evaluaciones peri\u00f3dicas\u201d para cada nivel en las asignaturas de Lenguaje y Matem\u00e1tica, con el soporte t\u00e9cnico y profesional de la Unidad de Curriculum y evaluaci\u00f3n del Ministerio de Educaci\u00f3n. &nbsp;<\/p>\n\n\n\n<p>Finalmente, tambi\u00e9n conocer\u00e1n los \u201cest\u00e1ndares bicentenarios\u201d, como tambi\u00e9n experiencias exitosas que han logrado posicionar a los Liceos Bicentenario como una opci\u00f3n atractiva de calidad educativa.<\/p>\n\n\n\n<p>Estos Liceos Bicentenario \u2013que beneficiar\u00e1n a m\u00e1s de 81 mil alumnos en Chile- tienen como objetivo&nbsp;mejorar la calidad de la educaci\u00f3n en todos sus niveles; por ello, cada establecimiento que se integra a la red debe firmar&nbsp;un convenio de desempe\u00f1o con el Ministerio de Educaci\u00f3n, a trav\u00e9s del cual&nbsp;obtendr\u00e1n recursos para financiar su infraestructura y concretar las acciones establecidas en su plan de fortalecimiento educativo.<\/p>\n\n\n\n<p><strong>Detalle y dependencia de los nuevos liceos Bicentenario<\/strong><\/p>\n\n\n\n<p>\u00b7&nbsp;&nbsp;&nbsp;&nbsp;&nbsp;&nbsp;Liceo Luis Cruz Mart\u00ednez \u2013 Natales (Liceo Polit\u00e9cnico, administraci\u00f3n Municipal Cormunat)<\/p>\n\n\n\n<p>\u00b7&nbsp;&nbsp;&nbsp;&nbsp;&nbsp;&nbsp;Liceo Mar\u00eda Mazzarello \u2013 Natales (Liceo Polit\u00e9cnico, particular subvencionado)<\/p>\n\n\n\n<p>\u00b7&nbsp;&nbsp;&nbsp;&nbsp;&nbsp;&nbsp;Instituto Superior de Comercio \u2013 Punta Arenas (Liceo t\u00e9cnico comercial, administraci\u00f3n municipal Cormupa)<\/p>\n\n\n\n<p>\u00b7&nbsp;&nbsp;&nbsp;&nbsp;&nbsp;&nbsp;Liceo Donald Mc Intyre de Puerto Williams (cient\u00edfico \u2013 humanista, administraci\u00f3n DAEM municipal)<\/p>\n\n\n\n<p>\u00b7&nbsp;&nbsp;&nbsp;&nbsp;&nbsp;&nbsp;Estos se suman al Liceo Bicentenario Luis Alberto Barrera de Punta Arenas (Cormupa)<\/p>\n","protected":false},"excerpt":{"rendered":"<p>El Seremi de Educaci\u00f3n de Magallanes, Rodrigo Sep\u00falveda Tagle, despidi\u00f3 a las y los directores de Liceos Bicentenario de la regi\u00f3n de Magallanes que viajaron a Santiago a capacitarse. Los&#8230; <a class=\"read-more\" href=\"https:\/\/www.radiopresidenteibanez.cl\/web\/directores-de-liceos-bicentenario-inician-capacitaciones-con-mineduc\/\">Leer m\u00e1s<\/a><\/p>\n","protected":false},"author":2,"featured_media":8862,"comment_status":"closed","ping_status":"closed","sticky":false,"template":"","format":"standard","meta":{"footnotes":""},"categories":[1],"tags":[],"class_list":["post-8861","post","type-post","status-publish","format-standard","has-post-thumbnail","hentry","category-cronica"],"_links":{"self":[{"href":"https:\/\/www.radiopresidenteibanez.cl\/web\/wp-json\/wp\/v2\/posts\/8861","targetHints":{"allow":["GET"]}}],"collection":[{"href":"https:\/\/www.radiopresidenteibanez.cl\/web\/wp-json\/wp\/v2\/posts"}],"about":[{"href":"https:\/\/www.radiopresidenteibanez.cl\/web\/wp-json\/wp\/v2\/types\/post"}],"author":[{"embeddable":true,"href":"https:\/\/www.radiopresidenteibanez.cl\/web\/wp-json\/wp\/v2\/users\/2"}],"replies":[{"embeddable":true,"href":"https:\/\/www.radiopresidenteibanez.cl\/web\/wp-json\/wp\/v2\/comments?post=8861"}],"version-history":[{"count":0,"href":"https:\/\/www.radiopresidenteibanez.cl\/web\/wp-json\/wp\/v2\/posts\/8861\/revisions"}],"wp:featuredmedia":[{"embeddable":true,"href":"https:\/\/www.radiopresidenteibanez.cl\/web\/wp-json\/wp\/v2\/media\/8862"}],"wp:attachment":[{"href":"https:\/\/www.radiopresidenteibanez.cl\/web\/wp-json\/wp\/v2\/media?parent=8861"}],"wp:term":[{"taxonomy":"category","embeddable":true,"href":"https:\/\/www.radiopresidenteibanez.cl\/web\/wp-json\/wp\/v2\/categories?post=8861"},{"taxonomy":"post_tag","embeddable":true,"href":"https:\/\/www.radiopresidenteibanez.cl\/web\/wp-json\/wp\/v2\/tags?post=8861"}],"curies":[{"name":"wp","href":"https:\/\/api.w.org\/{rel}","templated":true}]}}