{"id":886,"date":"2019-01-30T18:43:44","date_gmt":"2019-01-30T18:43:44","guid":{"rendered":"http:\/\/www.radiopresidenteibanez.cl\/web\/?p=886"},"modified":"2019-01-30T18:44:16","modified_gmt":"2019-01-30T18:44:16","slug":"emprendedoras-puntarenenses-fortalecen-sus-negocios-a-traves-del-fosis","status":"publish","type":"post","link":"https:\/\/www.radiopresidenteibanez.cl\/web\/emprendedoras-puntarenenses-fortalecen-sus-negocios-a-traves-del-fosis\/","title":{"rendered":"EMPRENDEDORAS PUNTARENENSES FORTALECEN SUS NEGOCIOS A TRAV\u00c9S DEL FOSIS"},"content":{"rendered":"\n<p>Asistir a capacitaciones en\ndiversas tem\u00e1ticas, recibir financiamiento para la adquisici\u00f3n de maquinarias e\ninsumos, adem\u00e1s de recibir asesor\u00eda comercial personalizada, son parte de los\ncomponentes que entrega el programa Yo Emprendo del Fondo de Solidaridad e Inversi\u00f3n\nSocial, FOSIS, servicio relacionado al Ministerio de Desarrollo Social.<\/p>\n\n\n\n<p>En total, son 32 emprendedoras\nque participan en esta iniciativa, orientada espec\u00edficamente en el rubro de\nalimentaci\u00f3n, y ejecutada por la consultora Educap.<\/p>\n\n\n\n<p>Una de las beneficiadas es\nJoseline C\u00e1rdenas, jefa de hogar, madre de dos hijos, que se dedica a elaborar\ntortas y entregar a domicilio a trav\u00e9s de su emprendimiento denominado \u201cDulce\nEluney\u201d, el que se convirti\u00f3 en su principal fuente de ingresos.&nbsp; <\/p>\n\n\n\n<p>\u201cEs un empuj\u00f3n para nosotras que\nestamos empezando. Empec\u00e9 hace dos a\u00f1os porque no pod\u00eda estar con mis hijos, ir\na dejarlos a la escuela o cuando se enfermaban, eso ayud\u00f3 a que me\nindependizara. Esto una gran ayuda\u2026 te valoran, al final es nuestro trabajo\u201d,\nse\u00f1al\u00f3 Joseline.<\/p>\n\n\n\n<p>Similar situaci\u00f3n es la de\nClaudia Palacios, quien arrib\u00f3 a la ciudad hace cinco a\u00f1os proveniente de\nColombia. Actualmente vive con sus cuatro hijos y este emprendimiento, \u201cDulces\ny salados Rosy\u201d, es la \u00fanica entrada econ\u00f3mica que posee.&nbsp; Gracias a este proyecto se independiz\u00f3 y\ntrabaja desde su hogar. \u201cLe voy a poner muchas ganas a este proyecto ya que me\ndieron la oportunidad, porque mi meta es instalarme con una pasteler\u00eda\u201d,\na\u00f1adi\u00f3.<\/p>\n\n\n\n<p>Ambas emprendedoras recibieron la\nvisita de la intendenta regional, Mar\u00eda Teresa Casta\u00f1\u00f3n, junto al director\nregional del FOSIS, Hern\u00e1n Soto, quienes conocieron sus testimonios e incluso\nprobaron parte de sus elaboraciones. <\/p>\n\n\n\n<p>\u201cSe realizan cursos de\nalimentaci\u00f3n, se capacitan a las personas\u2026 por tanto, se pueden dar cuenta que\nesta emprendedora mantiene su casa y a sus cuatro hijos con su negocio,\nvendiendo tortas. Hemos visitado otra mujer, tambi\u00e9n emprendedora, que es el\nsue\u00f1o que ellas realizan. Estamos muy contentos por ver a nuestras\nemprendedoras por salir adelante. Como dice nuestro presidente Sebasti\u00e1n\nPi\u00f1era, los emprendedores son el motor de Chile, en este caso, de nuestra\nregi\u00f3n\u201d, manifest\u00f3 la primera autoridad regional.<\/p>\n\n\n\n<p>Por su parte, el director\nregional del FOSIS, Hern\u00e1n Soto, agradeci\u00f3 el compromiso de todas las\nparticipantes de este proyecto, que est\u00e1 en su etapa final y que signific\u00f3 una\ninversi\u00f3n de m\u00e1s de 29 millones de pesos para el servicio. \u201cNosotros entregamos\noportunidades para que personas, que en este caso tienen el sue\u00f1o de emprender,\npuedan aprovechar y potenciar sus capacidades emprendedoras y aumentar el\ningreso econ\u00f3mico del grupo familiar\u201d, finaliz\u00f3.<\/p>\n","protected":false},"excerpt":{"rendered":"<p>Asistir a capacitaciones en diversas tem\u00e1ticas, recibir financiamiento para la adquisici\u00f3n de maquinarias e insumos, adem\u00e1s de recibir asesor\u00eda comercial personalizada, son parte de los componentes que entrega el programa&#8230; <a class=\"read-more\" href=\"https:\/\/www.radiopresidenteibanez.cl\/web\/emprendedoras-puntarenenses-fortalecen-sus-negocios-a-traves-del-fosis\/\">Leer m\u00e1s<\/a><\/p>\n","protected":false},"author":2,"featured_media":887,"comment_status":"closed","ping_status":"closed","sticky":false,"template":"","format":"standard","meta":{"footnotes":""},"categories":[1],"tags":[],"class_list":["post-886","post","type-post","status-publish","format-standard","has-post-thumbnail","hentry","category-cronica"],"_links":{"self":[{"href":"https:\/\/www.radiopresidenteibanez.cl\/web\/wp-json\/wp\/v2\/posts\/886","targetHints":{"allow":["GET"]}}],"collection":[{"href":"https:\/\/www.radiopresidenteibanez.cl\/web\/wp-json\/wp\/v2\/posts"}],"about":[{"href":"https:\/\/www.radiopresidenteibanez.cl\/web\/wp-json\/wp\/v2\/types\/post"}],"author":[{"embeddable":true,"href":"https:\/\/www.radiopresidenteibanez.cl\/web\/wp-json\/wp\/v2\/users\/2"}],"replies":[{"embeddable":true,"href":"https:\/\/www.radiopresidenteibanez.cl\/web\/wp-json\/wp\/v2\/comments?post=886"}],"version-history":[{"count":0,"href":"https:\/\/www.radiopresidenteibanez.cl\/web\/wp-json\/wp\/v2\/posts\/886\/revisions"}],"wp:featuredmedia":[{"embeddable":true,"href":"https:\/\/www.radiopresidenteibanez.cl\/web\/wp-json\/wp\/v2\/media\/887"}],"wp:attachment":[{"href":"https:\/\/www.radiopresidenteibanez.cl\/web\/wp-json\/wp\/v2\/media?parent=886"}],"wp:term":[{"taxonomy":"category","embeddable":true,"href":"https:\/\/www.radiopresidenteibanez.cl\/web\/wp-json\/wp\/v2\/categories?post=886"},{"taxonomy":"post_tag","embeddable":true,"href":"https:\/\/www.radiopresidenteibanez.cl\/web\/wp-json\/wp\/v2\/tags?post=886"}],"curies":[{"name":"wp","href":"https:\/\/api.w.org\/{rel}","templated":true}]}}