{"id":8858,"date":"2020-01-08T14:45:01","date_gmt":"2020-01-08T14:45:01","guid":{"rendered":"https:\/\/www.radiopresidenteibanez.cl\/web\/?p=8858"},"modified":"2020-01-08T14:45:06","modified_gmt":"2020-01-08T14:45:06","slug":"la-diputada-sandra-amar-destaco-la-aprobacion-por-unanimidad-del-proyecto-de-ley-que-recalifica-la-infraccion-por-estacionar-en-un-espacio-destinado-a-vehiculos-para-personas-en-situacion-de-discapaci","status":"publish","type":"post","link":"https:\/\/www.radiopresidenteibanez.cl\/web\/la-diputada-sandra-amar-destaco-la-aprobacion-por-unanimidad-del-proyecto-de-ley-que-recalifica-la-infraccion-por-estacionar-en-un-espacio-destinado-a-vehiculos-para-personas-en-situacion-de-discapaci\/","title":{"rendered":"LA DIPUTADA SANDRA AMAR DESTAC\u00d3 LA APROBACI\u00d3N POR UNANIMIDAD DEL PROYECTO DE LEY QUE RECALIFICA LA INFRACCI\u00d3N POR ESTACIONAR EN UN ESPACIO DESTINADO A VEH\u00cdCULOS PARA PERSONAS EN SITUACI\u00d3N DE DISCAPACIDAD"},"content":{"rendered":"\n<p>En la c\u00e1mara de diputados por unanimidad se despach\u00f3 el &nbsp;proyecto que precisa la infracci\u00f3n por\nestacionar en un espacio destinado a veh\u00edculos para personas en situaci\u00f3n de\ndiscapacidad, sin tener derecho a ello.<\/p>\n\n\n\n<p>En la sesi\u00f3n la diputada Sandra Amar, argument\u00f3 sobre la\nimportancia que tiene este proyecto ante su aprobaci\u00f3n, comentando que \u201cvotar\u00e9\na favor de este proyecto porque debemos poner la mira en quienes necesitan de\nnuestro apoyo y hago el llamado a que mis colegas hagan lo mismo, insistiendo\nque solo es el comienzo de una campa\u00f1a en busca de la igualdad para las\npersonas en situaci\u00f3n de discapacidad\u201d.<\/p>\n\n\n\n<p>Tras ser aprobado, Amar se\u00f1al\u00f3 que \u201cesta aprobaci\u00f3n es un\ngran paso que apunta hacia donde debe legislarse, ya que hay que aclarar que el\nproblema con el mal uso de estacionamientos para personas discapacitadas no\nest\u00e1 relacionado directamente con la sanci\u00f3n que apareja, sino con la falta de fiscalizaci\u00f3n\nrespecto de esta conducta\u201d.<\/p>\n\n\n\n<p>En efecto, se califica como infracci\u00f3n o contravenci\u00f3n grave\n\u201cusar indebidamente estacionamientos exclusivos para personas con\ndiscapacidad\u201d, mientras que la otra determina como menos grave \u201cestacionar en\nun espacio destinado a veh\u00edculos para personas con discapacidad, sin derecho a\nello\u201d.<\/p>\n\n\n\n<p>Para resolver el punto, el proyecto arraiga la sanci\u00f3n solo a\nla disposici\u00f3n que la define como una falta grave, por lo que ahora los\ninfractores deber\u00e1n cancelar entre 1 y 1,5 UTM.<\/p>\n","protected":false},"excerpt":{"rendered":"<p>En la c\u00e1mara de diputados por unanimidad se despach\u00f3 el &nbsp;proyecto que precisa la infracci\u00f3n por estacionar en un espacio destinado a veh\u00edculos para personas en situaci\u00f3n de discapacidad, sin&#8230; <a class=\"read-more\" href=\"https:\/\/www.radiopresidenteibanez.cl\/web\/la-diputada-sandra-amar-destaco-la-aprobacion-por-unanimidad-del-proyecto-de-ley-que-recalifica-la-infraccion-por-estacionar-en-un-espacio-destinado-a-vehiculos-para-personas-en-situacion-de-discapaci\/\">Leer m\u00e1s<\/a><\/p>\n","protected":false},"author":2,"featured_media":8859,"comment_status":"closed","ping_status":"closed","sticky":false,"template":"","format":"standard","meta":{"footnotes":""},"categories":[1],"tags":[],"class_list":["post-8858","post","type-post","status-publish","format-standard","has-post-thumbnail","hentry","category-cronica"],"_links":{"self":[{"href":"https:\/\/www.radiopresidenteibanez.cl\/web\/wp-json\/wp\/v2\/posts\/8858","targetHints":{"allow":["GET"]}}],"collection":[{"href":"https:\/\/www.radiopresidenteibanez.cl\/web\/wp-json\/wp\/v2\/posts"}],"about":[{"href":"https:\/\/www.radiopresidenteibanez.cl\/web\/wp-json\/wp\/v2\/types\/post"}],"author":[{"embeddable":true,"href":"https:\/\/www.radiopresidenteibanez.cl\/web\/wp-json\/wp\/v2\/users\/2"}],"replies":[{"embeddable":true,"href":"https:\/\/www.radiopresidenteibanez.cl\/web\/wp-json\/wp\/v2\/comments?post=8858"}],"version-history":[{"count":0,"href":"https:\/\/www.radiopresidenteibanez.cl\/web\/wp-json\/wp\/v2\/posts\/8858\/revisions"}],"wp:featuredmedia":[{"embeddable":true,"href":"https:\/\/www.radiopresidenteibanez.cl\/web\/wp-json\/wp\/v2\/media\/8859"}],"wp:attachment":[{"href":"https:\/\/www.radiopresidenteibanez.cl\/web\/wp-json\/wp\/v2\/media?parent=8858"}],"wp:term":[{"taxonomy":"category","embeddable":true,"href":"https:\/\/www.radiopresidenteibanez.cl\/web\/wp-json\/wp\/v2\/categories?post=8858"},{"taxonomy":"post_tag","embeddable":true,"href":"https:\/\/www.radiopresidenteibanez.cl\/web\/wp-json\/wp\/v2\/tags?post=8858"}],"curies":[{"name":"wp","href":"https:\/\/api.w.org\/{rel}","templated":true}]}}