{"id":8854,"date":"2020-01-08T14:39:18","date_gmt":"2020-01-08T14:39:18","guid":{"rendered":"https:\/\/www.radiopresidenteibanez.cl\/web\/?p=8854"},"modified":"2020-01-08T14:39:22","modified_gmt":"2020-01-08T14:39:22","slug":"bci-abre-la-primera-sucursal-verde-de-puerto-natales","status":"publish","type":"post","link":"https:\/\/www.radiopresidenteibanez.cl\/web\/bci-abre-la-primera-sucursal-verde-de-puerto-natales\/","title":{"rendered":"BCI ABRE LA PRIMERA SUCURSAL VERDE DE PUERTO NATALES"},"content":{"rendered":"\n<p>En el evento inaugural se destac\u00f3 la importancia del sello\nemprendedor que tiene esta ciudad, lo que est\u00e1 en l\u00ednea con la historia de Bci,\nque hace m\u00e1s de 80 a\u00f1os fue fundado por un grupo de emprendedores migrantes con\nel sue\u00f1o de entregar los servicios financieros. Asimismo, Rodrigo Corces,\nGerente Banca Retail, resalt\u00f3 que \u201choy m\u00e1s que nunca las empresas debemos\natrevernos a hacer una diferencia, apoyando a las comunidades, con apoyo\nfinanciero responsable, poniendo siempre a las personas en el centro de\nnuestras decisiones\u201d.<\/p>\n\n\n\n<p>\u201cEn estos \u00faltimos a\u00f1os la provincia de \u00daltima Esperanza ha\ntenido un&nbsp; sostenido crecimiento\necon\u00f3mico y poblacional, impulsado fuertemente por la Industria Tur\u00edstica&nbsp; y tambi\u00e9n por el repunte en la\nSalmonicultura. Este positivo escenario hace que sea m\u00e1s necesario contar con\nsoluciones financieras y servicios diferenciadores, ambas caracter\u00edsticas\npropias de nuestra cultura comercial\u201d, comenta el nuevo jefe de oficina,\nChristian \u00c1guila.<\/p>\n\n\n\n<p>Al evento tambi\u00e9n asisti\u00f3 Jos\u00e9 Antonio Carrera, gerente\nregional de Bci, quien agreg\u00f3 \u00abSi bien hemos sido un actor relevante como\nBanco al interior de la Regi\u00f3n de Magallanes,a trav\u00e9s de nuestras oficinas de\nPunta Arenas y la Ant\u00e1rtica,&nbsp; sent\u00edamos\nque ten\u00edamos una deuda con nuestros clientes y la comuna de Pto.Natales que hoy\nlogramos saldar. Este es un proyecto muy anhelado por todos, y hemos trabajado\narduamente&nbsp; escuchando las principales\ninquietudes y necesidades de diversos actores locales, para as\u00ed lograr contar\nhoy con una oferta que nos permita satisfacer sus necesidades\u201d. <\/p>\n\n\n\n<p>La sucursal, que ya est\u00e1 abierta a clientes desde hoy, cuenta con una superficie de 218 m2 y su objetivo es atender tanto a personas como empresas, con \u00e9nfasis en la pymes de la regi\u00f3n. Una de las principales caracter\u00edsticas de la nueva oficina es que est\u00e1 pr\u00f3xima a certificarse LEED\u00ae (Leadership in Energy and Environmental Design o Liderazgo en Energ\u00eda y Dise\u00f1o Ambiental). Se trata de un m\u00e9todo de evaluaci\u00f3n de edificios verdes, a trav\u00e9s de la implementaci\u00f3n de mejores pr\u00e1cticas y estrategias de dise\u00f1o, construcci\u00f3n y operaci\u00f3n, cuyos beneficios son cuantificables y permiten una gesti\u00f3n eficiente de la energ\u00eda. <\/p>\n\n\n\n<figure class=\"wp-block-gallery columns-2 is-cropped wp-block-gallery-1 is-layout-flex wp-block-gallery-is-layout-flex\"><ul class=\"blocks-gallery-grid\"><li class=\"blocks-gallery-item\"><figure><img loading=\"lazy\" decoding=\"async\" width=\"900\" height=\"600\" src=\"https:\/\/www.radiopresidenteibanez.cl\/web\/wp-content\/uploads\/2020\/01\/INAUGURACI\u00d3N-BANCO-BCI-M\u00c1XIMA-CALIDAD-33.jpg\" alt=\"\" data-id=\"8855\" data-full-url=\"https:\/\/www.radiopresidenteibanez.cl\/web\/wp-content\/uploads\/2020\/01\/INAUGURACI\u00d3N-BANCO-BCI-M\u00c1XIMA-CALIDAD-33.jpg\" data-link=\"https:\/\/www.radiopresidenteibanez.cl\/web\/?attachment_id=8855\" class=\"wp-image-8855\" srcset=\"https:\/\/www.radiopresidenteibanez.cl\/web\/wp-content\/uploads\/2020\/01\/INAUGURACI\u00d3N-BANCO-BCI-M\u00c1XIMA-CALIDAD-33.jpg 900w, https:\/\/www.radiopresidenteibanez.cl\/web\/wp-content\/uploads\/2020\/01\/INAUGURACI\u00d3N-BANCO-BCI-M\u00c1XIMA-CALIDAD-33-300x200.jpg 300w, https:\/\/www.radiopresidenteibanez.cl\/web\/wp-content\/uploads\/2020\/01\/INAUGURACI\u00d3N-BANCO-BCI-M\u00c1XIMA-CALIDAD-33-768x512.jpg 768w\" sizes=\"auto, (max-width: 900px) 100vw, 900px\" \/><\/figure><\/li><li class=\"blocks-gallery-item\"><figure><img loading=\"lazy\" decoding=\"async\" width=\"900\" height=\"599\" src=\"https:\/\/www.radiopresidenteibanez.cl\/web\/wp-content\/uploads\/2020\/01\/INAUGURACI\u00d3N-BANCO-BCI-M\u00c1XIMA-CALIDAD-7.jpg\" alt=\"\" data-id=\"8856\" data-full-url=\"https:\/\/www.radiopresidenteibanez.cl\/web\/wp-content\/uploads\/2020\/01\/INAUGURACI\u00d3N-BANCO-BCI-M\u00c1XIMA-CALIDAD-7.jpg\" data-link=\"https:\/\/www.radiopresidenteibanez.cl\/web\/?attachment_id=8856\" class=\"wp-image-8856\" srcset=\"https:\/\/www.radiopresidenteibanez.cl\/web\/wp-content\/uploads\/2020\/01\/INAUGURACI\u00d3N-BANCO-BCI-M\u00c1XIMA-CALIDAD-7.jpg 900w, https:\/\/www.radiopresidenteibanez.cl\/web\/wp-content\/uploads\/2020\/01\/INAUGURACI\u00d3N-BANCO-BCI-M\u00c1XIMA-CALIDAD-7-300x200.jpg 300w, https:\/\/www.radiopresidenteibanez.cl\/web\/wp-content\/uploads\/2020\/01\/INAUGURACI\u00d3N-BANCO-BCI-M\u00c1XIMA-CALIDAD-7-768x511.jpg 768w\" sizes=\"auto, (max-width: 900px) 100vw, 900px\" \/><\/figure><\/li><\/ul><\/figure>\n","protected":false},"excerpt":{"rendered":"<p>En el evento inaugural se destac\u00f3 la importancia del sello emprendedor que tiene esta ciudad, lo que est\u00e1 en l\u00ednea con la historia de Bci, que hace m\u00e1s de 80&#8230; <a class=\"read-more\" href=\"https:\/\/www.radiopresidenteibanez.cl\/web\/bci-abre-la-primera-sucursal-verde-de-puerto-natales\/\">Leer m\u00e1s<\/a><\/p>\n","protected":false},"author":2,"featured_media":8855,"comment_status":"closed","ping_status":"closed","sticky":false,"template":"","format":"standard","meta":{"footnotes":""},"categories":[1],"tags":[],"class_list":["post-8854","post","type-post","status-publish","format-standard","has-post-thumbnail","hentry","category-cronica"],"_links":{"self":[{"href":"https:\/\/www.radiopresidenteibanez.cl\/web\/wp-json\/wp\/v2\/posts\/8854","targetHints":{"allow":["GET"]}}],"collection":[{"href":"https:\/\/www.radiopresidenteibanez.cl\/web\/wp-json\/wp\/v2\/posts"}],"about":[{"href":"https:\/\/www.radiopresidenteibanez.cl\/web\/wp-json\/wp\/v2\/types\/post"}],"author":[{"embeddable":true,"href":"https:\/\/www.radiopresidenteibanez.cl\/web\/wp-json\/wp\/v2\/users\/2"}],"replies":[{"embeddable":true,"href":"https:\/\/www.radiopresidenteibanez.cl\/web\/wp-json\/wp\/v2\/comments?post=8854"}],"version-history":[{"count":0,"href":"https:\/\/www.radiopresidenteibanez.cl\/web\/wp-json\/wp\/v2\/posts\/8854\/revisions"}],"wp:featuredmedia":[{"embeddable":true,"href":"https:\/\/www.radiopresidenteibanez.cl\/web\/wp-json\/wp\/v2\/media\/8855"}],"wp:attachment":[{"href":"https:\/\/www.radiopresidenteibanez.cl\/web\/wp-json\/wp\/v2\/media?parent=8854"}],"wp:term":[{"taxonomy":"category","embeddable":true,"href":"https:\/\/www.radiopresidenteibanez.cl\/web\/wp-json\/wp\/v2\/categories?post=8854"},{"taxonomy":"post_tag","embeddable":true,"href":"https:\/\/www.radiopresidenteibanez.cl\/web\/wp-json\/wp\/v2\/tags?post=8854"}],"curies":[{"name":"wp","href":"https:\/\/api.w.org\/{rel}","templated":true}]}}