{"id":8850,"date":"2020-01-07T23:28:13","date_gmt":"2020-01-07T23:28:13","guid":{"rendered":"https:\/\/www.radiopresidenteibanez.cl\/web\/?p=8850"},"modified":"2020-01-07T23:28:19","modified_gmt":"2020-01-07T23:28:19","slug":"punta-arenas-vuelve-a-ser-escenario-del-festival-cientifico-mas-importante-del-pais","status":"publish","type":"post","link":"https:\/\/www.radiopresidenteibanez.cl\/web\/punta-arenas-vuelve-a-ser-escenario-del-festival-cientifico-mas-importante-del-pais\/","title":{"rendered":"PUNTA ARENAS VUELVE A SER ESCENARIO DEL FESTIVAL CIENT\u00cdFICO M\u00c1S IMPORTANTE DEL PA\u00cdS"},"content":{"rendered":"\n<p>Durante la tarde de este martes 7 de enero se realiz\u00f3 el\nlanzamiento oficial de una nueva versi\u00f3n del Congreso Futuro 2020 en\nMagallanes, instancia que al igual que en 2019, contar\u00e1 con importantes expositores\ninternacionales, entre ellos, la Premio Nobel de F\u00edsica la doctora Donna\nStrickland, acompa\u00f1ada del doctor en Ciencias de la Tierra, Timothy Naish y el doctor\nen Psicolog\u00eda y comunicador de ciencias Joe Palca.<\/p>\n\n\n\n<p>Bajo el lema \u00abIdeas para un nuevo mundo\u00bb, los\ninvitados compartir\u00e1n sus trabajos e investigaciones con la audiencia regional\ncon el objetivo de abordar temas siempre relevantes y transversales que van\ndesde los avances tecnol\u00f3gicos y cient\u00edficos aplicados a la medicina, la\ncomunicaci\u00f3n de las investigaciones y la Ant\u00e1rtica en un escenario de cambio\nclim\u00e1tico.<\/p>\n\n\n\n<p>La presentaci\u00f3n de la jornada del pr\u00f3ximo lunes 13 de enero,\nse desarroll\u00f3 en la Plaza de Armas Benjam\u00edn Mu\u00f1oz Gamero de Punta Arenas y\ncont\u00f3 con la presencia del Intendente Jos\u00e9 Fern\u00e1ndez, el director del Instituto\nAnt\u00e1rtico Chileno (INACH), Marcelo Leppe, el vicerrector de Investigaci\u00f3n y\nPostgrado de la Universidad de Magallanes (UMAG), Andr\u00e9s Mansilla, adem\u00e1s del\ngobernador de Magallanes, Homero Villegas; la directora del Programa Asociativo\nExplora, Claudia Salinas; el seremi de Medio Ambiente, Eduardo Schiappacasse y\nla encargada de Relaciones Comunitarias de Methanex, Cecilia Troncoso.<\/p>\n\n\n\n<p>Como una iniciativa del Congreso de la Rep\u00fablica y el apoyo\nde instituciones y empresas con presencia en la regi\u00f3n, Congreso Futuro\npretende generar una relaci\u00f3n m\u00e1s cercana entre el saber cient\u00edfico, la\ninvestigaci\u00f3n y los descubrimientos y las comunidades locales, democratizando\nel conocimiento poni\u00e9ndolo a disposici\u00f3n de la sociedad civil a trav\u00e9s de\ninstancias de di\u00e1logo y reflexi\u00f3n junto a pensadores internacionales,\nnacionales y del medio magall\u00e1nico.<\/p>\n\n\n\n<p>Con una invitaci\u00f3n a toda la comunidad a ser parte de este\nevento, el intendente Jos\u00e9 Fern\u00e1ndez resalt\u00f3 que \u00abla posibilidad de\nrealizar el Congreso Futuro en Magallanes es un honor y una oportunidad porque\nse generan espacios de conocimiento e incentivo para que la comunidad, los\nfuturos profesionales y todos quienes lo desean vean que la ciencia se puede\ndesarrollar en diferentes instancias y est\u00e1 m\u00e1s cerca de lo que creemos\u00bb.<\/p>\n\n\n\n<p>Por su parte, el director del INACH, Marcelo Leppe, afirm\u00f3\nque \u201cvamos a tener de primera fuente algo que se comunic\u00f3 recientemente en la\nCOP25 y es que quiz\u00e1s nuestros escenarios clim\u00e1ticos no est\u00e1n tan acertados\ncomo cre\u00edamos\u201d, se\u00f1al\u00f3 Leppe y agreg\u00f3 que \u201cinvito a toda la comunidad\nmagall\u00e1nica a todos los que est\u00e9n en la regi\u00f3n, creo que van a tener charlas de\nprimer nivel en una discusi\u00f3n que pone a Magallanes en el ojo del hurac\u00e1n a\nnivel mundial en la discusi\u00f3n\u201d.<\/p>\n\n\n\n<p>Para el vicerrector de Investigaci\u00f3n y Postgrado de la UMAG,\ndoctor Andr\u00e9s Mansilla, esta versi\u00f3n del Congreso \u201ccomienza nuevamente en Magallanes\npor lo tanto nos posiciona cient\u00edficamente en el pa\u00eds\u201d dijo el investigador y\na\u00f1adi\u00f3 que, adem\u00e1s, se da \u201cen un nuevo contexto porque este a\u00f1o contamos con la\npresencia de un nuevo Ministerio de Ciencia y Tecnolog\u00eda por lo tanto se nos\nreconoce como una Macroregi\u00f3n Austral, esto significa que nosotros estamos\npromoviendo todo lo que significa laboratorio natural, Macrozona Austral,\nMagallanes, Ays\u00e9n y la Ant\u00e1rtica y por lo tanto este es un contexto bastante\ndistinto\u201d.<\/p>\n\n\n\n<p>Finalmente, la directora del PAR Explora, Claudia Salinas\nvalor\u00f3 la oportunidad que tendr\u00e1n ni\u00f1as y ni\u00f1os de la regi\u00f3n de compartir\nexperiencias con los invitados. <\/p>\n\n\n\n<p>\u00abVamos a tener tres talleres que pertenecen al\nCampamento Cient\u00edfico Escolar 2020 en el Museo de R\u00edo Seco para poder\ninteractuar con los cient\u00edficos, profesionales y una premio Nobel. Es una muy\nbuena oportunidad para conocer sobre nuevas tem\u00e1ticas y quien sabe, un nuevo\npremio Nobel desde Magallanes\u00bb.<\/p>\n\n\n\n<p>Las actividades de este nuevo festival de la ciencia se llevar\u00e1n\na cabo el lunes 13 de enero desde las 08.30 horas en el Teatro Municipal Jos\u00e9\nBohr y durante la tarde desde las 15 horas, el Congreso Futuro Junior en el\nMuseo de Historia Natural de R\u00edo Seco.<\/p>\n\n\n\n<p><strong>Para m\u00e1s informaci\u00f3n,\nprograma e inscripciones:<\/strong><\/p>\n\n\n\n<p><a href=\"http:\/\/www.congresodelfuturo.cl\/magallanes\/\">www.congresodelfuturo.cl\/magallanes\/<\/a><\/p>\n\n\n\n<p>Twitter: @CongresoFuturo<\/p>\n\n\n\n<p>Instagram: @congresofuturo\/<\/p>\n\n\n\n<p>HT: #CFMagallanes2020<\/p>\n","protected":false},"excerpt":{"rendered":"<p>Durante la tarde de este martes 7 de enero se realiz\u00f3 el lanzamiento oficial de una nueva versi\u00f3n del Congreso Futuro 2020 en Magallanes, instancia que al igual que en&#8230; <a class=\"read-more\" href=\"https:\/\/www.radiopresidenteibanez.cl\/web\/punta-arenas-vuelve-a-ser-escenario-del-festival-cientifico-mas-importante-del-pais\/\">Leer m\u00e1s<\/a><\/p>\n","protected":false},"author":2,"featured_media":8851,"comment_status":"closed","ping_status":"closed","sticky":false,"template":"","format":"standard","meta":{"footnotes":""},"categories":[1],"tags":[],"class_list":["post-8850","post","type-post","status-publish","format-standard","has-post-thumbnail","hentry","category-cronica"],"_links":{"self":[{"href":"https:\/\/www.radiopresidenteibanez.cl\/web\/wp-json\/wp\/v2\/posts\/8850","targetHints":{"allow":["GET"]}}],"collection":[{"href":"https:\/\/www.radiopresidenteibanez.cl\/web\/wp-json\/wp\/v2\/posts"}],"about":[{"href":"https:\/\/www.radiopresidenteibanez.cl\/web\/wp-json\/wp\/v2\/types\/post"}],"author":[{"embeddable":true,"href":"https:\/\/www.radiopresidenteibanez.cl\/web\/wp-json\/wp\/v2\/users\/2"}],"replies":[{"embeddable":true,"href":"https:\/\/www.radiopresidenteibanez.cl\/web\/wp-json\/wp\/v2\/comments?post=8850"}],"version-history":[{"count":0,"href":"https:\/\/www.radiopresidenteibanez.cl\/web\/wp-json\/wp\/v2\/posts\/8850\/revisions"}],"wp:featuredmedia":[{"embeddable":true,"href":"https:\/\/www.radiopresidenteibanez.cl\/web\/wp-json\/wp\/v2\/media\/8851"}],"wp:attachment":[{"href":"https:\/\/www.radiopresidenteibanez.cl\/web\/wp-json\/wp\/v2\/media?parent=8850"}],"wp:term":[{"taxonomy":"category","embeddable":true,"href":"https:\/\/www.radiopresidenteibanez.cl\/web\/wp-json\/wp\/v2\/categories?post=8850"},{"taxonomy":"post_tag","embeddable":true,"href":"https:\/\/www.radiopresidenteibanez.cl\/web\/wp-json\/wp\/v2\/tags?post=8850"}],"curies":[{"name":"wp","href":"https:\/\/api.w.org\/{rel}","templated":true}]}}