{"id":8836,"date":"2020-01-07T17:03:16","date_gmt":"2020-01-07T17:03:16","guid":{"rendered":"https:\/\/www.radiopresidenteibanez.cl\/web\/?p=8836"},"modified":"2020-01-07T17:03:19","modified_gmt":"2020-01-07T17:03:19","slug":"bci-abrira-nuevas-oficinas-en-puerto-natales","status":"publish","type":"post","link":"https:\/\/www.radiopresidenteibanez.cl\/web\/bci-abrira-nuevas-oficinas-en-puerto-natales\/","title":{"rendered":"BCI ABRIR\u00c1 NUEVAS OFICINAS EN PUERTO NATALES"},"content":{"rendered":"\n<p>Durante la jornada de este martes 07 de enero, el Banco de Cr\u00e9ditos e Inversiones (BCI) abrir\u00e1 una nueva sucursal en Puerto Natales la cual se encontrar\u00e1 ubicada en calle Esmeralda N\u00b0 640, en la oportunidad las nuevas dependencias ser\u00e1n inauguradas por distintas autoridades locales as\u00ed tambi\u00e9n Rodrigo Corces, gerente de Banca Retail de banco antes mencionado.<\/p>\n","protected":false},"excerpt":{"rendered":"<p>Durante la jornada de este martes 07 de enero, el Banco de Cr\u00e9ditos e Inversiones (BCI) abrir\u00e1 una nueva sucursal en Puerto Natales la cual se encontrar\u00e1 ubicada en calle&#8230; <a class=\"read-more\" href=\"https:\/\/www.radiopresidenteibanez.cl\/web\/bci-abrira-nuevas-oficinas-en-puerto-natales\/\">Leer m\u00e1s<\/a><\/p>\n","protected":false},"author":2,"featured_media":8837,"comment_status":"closed","ping_status":"closed","sticky":false,"template":"","format":"standard","meta":{"footnotes":""},"categories":[1],"tags":[],"class_list":["post-8836","post","type-post","status-publish","format-standard","has-post-thumbnail","hentry","category-cronica"],"_links":{"self":[{"href":"https:\/\/www.radiopresidenteibanez.cl\/web\/wp-json\/wp\/v2\/posts\/8836","targetHints":{"allow":["GET"]}}],"collection":[{"href":"https:\/\/www.radiopresidenteibanez.cl\/web\/wp-json\/wp\/v2\/posts"}],"about":[{"href":"https:\/\/www.radiopresidenteibanez.cl\/web\/wp-json\/wp\/v2\/types\/post"}],"author":[{"embeddable":true,"href":"https:\/\/www.radiopresidenteibanez.cl\/web\/wp-json\/wp\/v2\/users\/2"}],"replies":[{"embeddable":true,"href":"https:\/\/www.radiopresidenteibanez.cl\/web\/wp-json\/wp\/v2\/comments?post=8836"}],"version-history":[{"count":0,"href":"https:\/\/www.radiopresidenteibanez.cl\/web\/wp-json\/wp\/v2\/posts\/8836\/revisions"}],"wp:featuredmedia":[{"embeddable":true,"href":"https:\/\/www.radiopresidenteibanez.cl\/web\/wp-json\/wp\/v2\/media\/8837"}],"wp:attachment":[{"href":"https:\/\/www.radiopresidenteibanez.cl\/web\/wp-json\/wp\/v2\/media?parent=8836"}],"wp:term":[{"taxonomy":"category","embeddable":true,"href":"https:\/\/www.radiopresidenteibanez.cl\/web\/wp-json\/wp\/v2\/categories?post=8836"},{"taxonomy":"post_tag","embeddable":true,"href":"https:\/\/www.radiopresidenteibanez.cl\/web\/wp-json\/wp\/v2\/tags?post=8836"}],"curies":[{"name":"wp","href":"https:\/\/api.w.org\/{rel}","templated":true}]}}