{"id":8833,"date":"2020-01-07T16:36:24","date_gmt":"2020-01-07T16:36:24","guid":{"rendered":"https:\/\/www.radiopresidenteibanez.cl\/web\/?p=8833"},"modified":"2020-01-07T16:36:27","modified_gmt":"2020-01-07T16:36:27","slug":"reforma-a-fonasa-cuando-se-fortalece-el-sistema-privado-a-cambio-de-la-agonia-de-lo-publico","status":"publish","type":"post","link":"https:\/\/www.radiopresidenteibanez.cl\/web\/reforma-a-fonasa-cuando-se-fortalece-el-sistema-privado-a-cambio-de-la-agonia-de-lo-publico\/","title":{"rendered":"REFORMA A FONASA: CUANDO SE FORTALECE EL SISTEMA PRIVADO A CAMBIO DE LA AGON\u00cdA DE LO P\u00daBLICO"},"content":{"rendered":"\n<p>La reforma establece garant\u00edas de tiempo m\u00e1ximo de espera m\u00e1s\nall\u00e1 de las enfermedades incluidas en el AUGE, y en caso de que esto no se\nrespete los pacientes ser\u00e1n derivados a hospitales universitarios, de las\nFuerzas Armadas, o en \u00faltimo caso a centros de salud privados.<\/p>\n\n\n\n<p>Por otra parte,\nexistir\u00e1 un Plan de Salud Universal para cubrir las necesidades de las familias\nafiliadas, sumado al Seguro Catastr\u00f3fico de Salud que ya est\u00e1 en tr\u00e1mite en el\nCongreso.<\/p>\n\n\n\n<p>Adem\u00e1s, se reducir\u00e1\nel gasto estableciendo que el Estado financie al menos el 80 por ciento del\ncosto de las prestaciones, junto con bajar el precio de los medicamentos.<\/p>\n\n\n\n<p>Sin embargo, el\nproyecto no ha logrado convencer en plenitud ni en el mundo pol\u00edtico, ni\ntampoco en las organizaciones.<\/p>\n\n\n\n<p>En conversaci\u00f3n con\nDiario y Radio Universidad de Chile, Mat\u00edas Goyenechea, presidente de la\nFundaci\u00f3n Creando Salud, coment\u00f3 que con esta reforma nuevamente el Gobierno\nsolo est\u00e1 beneficiando a los privados.<\/p>\n\n\n\n<p>\u201cLo m\u00e1s probable es\nque estemos subsidiando con recursos p\u00fablicos a prestadores privados con fines\nde lucro, que son la mayor cantidad hoy d\u00eda de prestadores disponibles. Entonces<strong>&nbsp;m\u00e1s que fortalecer lo p\u00fablico, esta iniciativa va terminar\ngenerando un subsidio al mercado privado<\/strong>&nbsp;manteniendo la\nl\u00f3gica subsidiaria del Estado, manteniendo la segmentaci\u00f3n de la poblaci\u00f3n de\nacuerdo a si son pobres o ricas, o enfermas o sanas, entonces la verdad es que\nesto no se hace cargo de las demandas de la ciudadan\u00eda, que han venido\ninstalando la idea de avanzar hacia un sistema \u00fanico de salud\u201d, explic\u00f3.<\/p>\n\n\n\n<p>En tanto, Gabriela Flores, presidenta de la Confederaci\u00f3n\nNacional de la Salud Municipal (CONFUSAM), se\u00f1al\u00f3 que es inconcebible que el\nGobierno siga sin escuchar a la ciudadan\u00eda, y que una vez m\u00e1s crean pol\u00edticas\nde salud sin preocuparse de fortalecer el sector p\u00fablico.<\/p>\n\n\n\n<p>\u201cCreemos que el\nGobierno, o no sabemos si sus asesores, no quiere ver la realidad de lo que\nocurre ne Chile.<strong>&nbsp;No ha tomado en consideraci\u00f3n\nlo que la gente ha planteado desde el d\u00eda 18 de octubre\u201d<\/strong>, dijo\ny agreg\u00f3 que \u201cyo lamento profundamente los anuncios, porque los planteamientos\nreafirman seguir entregando m\u00e1s recursos a los privados, dejando en desmedro\ntanto lo que es la salud p\u00fablica centralizada como lo que es la atenci\u00f3n\nprivada\u201d.<\/p>\n\n\n\n<p>Junto con\nello&nbsp;indic\u00f3 que con esto se \u201cfortalece un Fonasa pero solamente\ninterviniendo para entregar a las grandes cadenas de salud privada e isapres\nmayores recursos cuando tiene la posibilidad de fortalecer la salud p\u00fablica,\nque es el clamor de millones de chilenos y que es una de las prioridades de\nUnidad Social\u201d.<\/p>\n\n\n\n<p>Adem\u00e1s, la dirigenta\nsocial coment\u00f3 que&nbsp;<strong>\u201cnuestra\norganizaci\u00f3n junto a otras organizaciones de la salud p\u00fablica estamos en estado\nde alerta nacional por estos hechos\u201d.<\/strong><\/p>\n\n\n\n<p>Mientras que, en la pol\u00edtica, espec\u00edficamente en la oposici\u00f3n,\ntampoco ha gustado este proyecto. Desde la comisi\u00f3n de Salud de la C\u00e1mara Alta,\nel senador Guido Girardi, se\u00f1al\u00f3 que el problema es que la salud sigue sin ser\nun derecho en nuestro pa\u00eds.<\/p>\n\n\n\n<p>\u201cNosotros\nevidentemente queremos un sistema de salud como derecho y, por lo tanto, aqu\u00ed\nse requiere una reforma constitucional dado que hoy d\u00eda la salud no es un\nderecho que garantice justamente que las personas van a obtener salud en\nfunci\u00f3n de su necesidad y no del tama\u00f1o del bolsillo. Esto no queda resuelto en\nla propuesta de Fonasa,&nbsp;<strong>la propuesta\nsigue siento una propuesta que, en cierta manera, mantiene una discriminaci\u00f3n\nen funci\u00f3n de los recursos econ\u00f3micos de las personas\u201d.<\/strong><\/p>\n\n\n\n<p>Tanto desde la\noposici\u00f3n como desde los gremios de la salud, la solicitud es que exista un\nFondo \u00danico de Salud, \u201ccon un administrador \u00fanico p\u00fablico, que asegure\ncobertura universal y acceso oportuno a redes p\u00fablicas organizadas, de calidad,\nintegradas y basadas en la Atenci\u00f3n Primaria\u201d, sistema bajo el que las isapres\npasar\u00edan a ser seguros complementarios regulados \u201cfinanciados s\u00f3lo con aportes\nvoluntarios de personas que buscan otras condiciones\u201d.<\/p>\n\n\n\n<p>Esa idea, seg\u00fan lo informado por los partidos pol\u00edticos de oposici\u00f3n, podr\u00eda ser ingresada en los pr\u00f3ximos d\u00edas al Congreso como un proyecto paralelo al del Gobierno.<\/p>\n\n\n\n<p>FUENTE:  <a href=\"https:\/\/radio.uchile.cl\/2020\/01\/06\/reforma-a-fonasa-cuando-se-fortalece-el-sistema-privado-a-cambio-de-la-agonia-de-lo-publico\/\">https:\/\/radio.uchile.cl\/2020\/01\/06\/reforma-a-fonasa-cuando-se-fortalece-el-sistema-privado-a-cambio-de-la-agonia-de-lo-publico\/<\/a> <\/p>\n","protected":false},"excerpt":{"rendered":"<p>La reforma establece garant\u00edas de tiempo m\u00e1ximo de espera m\u00e1s all\u00e1 de las enfermedades incluidas en el AUGE, y en caso de que esto no se respete los pacientes ser\u00e1n&#8230; <a class=\"read-more\" href=\"https:\/\/www.radiopresidenteibanez.cl\/web\/reforma-a-fonasa-cuando-se-fortalece-el-sistema-privado-a-cambio-de-la-agonia-de-lo-publico\/\">Leer m\u00e1s<\/a><\/p>\n","protected":false},"author":2,"featured_media":8834,"comment_status":"closed","ping_status":"closed","sticky":false,"template":"","format":"standard","meta":{"footnotes":""},"categories":[1],"tags":[],"class_list":["post-8833","post","type-post","status-publish","format-standard","has-post-thumbnail","hentry","category-cronica"],"_links":{"self":[{"href":"https:\/\/www.radiopresidenteibanez.cl\/web\/wp-json\/wp\/v2\/posts\/8833","targetHints":{"allow":["GET"]}}],"collection":[{"href":"https:\/\/www.radiopresidenteibanez.cl\/web\/wp-json\/wp\/v2\/posts"}],"about":[{"href":"https:\/\/www.radiopresidenteibanez.cl\/web\/wp-json\/wp\/v2\/types\/post"}],"author":[{"embeddable":true,"href":"https:\/\/www.radiopresidenteibanez.cl\/web\/wp-json\/wp\/v2\/users\/2"}],"replies":[{"embeddable":true,"href":"https:\/\/www.radiopresidenteibanez.cl\/web\/wp-json\/wp\/v2\/comments?post=8833"}],"version-history":[{"count":0,"href":"https:\/\/www.radiopresidenteibanez.cl\/web\/wp-json\/wp\/v2\/posts\/8833\/revisions"}],"wp:featuredmedia":[{"embeddable":true,"href":"https:\/\/www.radiopresidenteibanez.cl\/web\/wp-json\/wp\/v2\/media\/8834"}],"wp:attachment":[{"href":"https:\/\/www.radiopresidenteibanez.cl\/web\/wp-json\/wp\/v2\/media?parent=8833"}],"wp:term":[{"taxonomy":"category","embeddable":true,"href":"https:\/\/www.radiopresidenteibanez.cl\/web\/wp-json\/wp\/v2\/categories?post=8833"},{"taxonomy":"post_tag","embeddable":true,"href":"https:\/\/www.radiopresidenteibanez.cl\/web\/wp-json\/wp\/v2\/tags?post=8833"}],"curies":[{"name":"wp","href":"https:\/\/api.w.org\/{rel}","templated":true}]}}