{"id":8830,"date":"2020-01-07T14:30:32","date_gmt":"2020-01-07T14:30:32","guid":{"rendered":"https:\/\/www.radiopresidenteibanez.cl\/web\/?p=8830"},"modified":"2020-01-07T14:30:36","modified_gmt":"2020-01-07T14:30:36","slug":"crisis-entre-iran-y-estados-unidos-podria-repercutir-en-chile-provocando-varias-semanas-seguidas-de-alza-en-los-combustibles-sumando-mas-de-240-desde-la-ultima-baja","status":"publish","type":"post","link":"https:\/\/www.radiopresidenteibanez.cl\/web\/crisis-entre-iran-y-estados-unidos-podria-repercutir-en-chile-provocando-varias-semanas-seguidas-de-alza-en-los-combustibles-sumando-mas-de-240-desde-la-ultima-baja\/","title":{"rendered":"CRISIS ENTRE IR\u00c1N Y ESTADOS UNIDOS PODR\u00cdA REPERCUTIR EN CHILE PROVOCANDO VARIAS SEMANAS SEGUIDAS DE ALZA EN LOS COMBUSTIBLES: SUMANDO M\u00c1S DE $240 DESDE LA \u00daLTIMA BAJA"},"content":{"rendered":"\n<p>Luego de un viernes complejo, los mercados del mundo profundizaron sus reacciones pesimistas este lunes en medio de la incertidumbre en el Medio Oriente producto de la creciente tensi\u00f3n entre Estados Unidos e Ir\u00e1n: las bolsas aumentaron sus ca\u00eddas, el petr\u00f3leo anot\u00f3 m\u00e1ximos no vistos desde septiembre y el oro lleg\u00f3 a precios que no registraba desde abril de 2013, por poner algunos ejemplos.<\/p>\n\n\n\n<p>En Chile el impacto se vio reflejado principalmente en el d\u00f3lar. El conflicto entre ambos pa\u00edses, m\u00e1s la pausa que aplic\u00f3 esta semana el Banco Central respecto a su programa de intervenci\u00f3n bancaria, provocaron que el billete verde se disparara $16,30 este lunes en el mercado cambiario local, ubic\u00e1ndose en los $772,50.<\/p>\n\n\n\n<p>Y a esto, seg\u00fan los analistas, se sumar\u00e1 el factor petr\u00f3leo. Es que todo el crudo que tiene Chile es importado, por lo que depende del precio que se fije internacionalmente.<\/p>\n\n\n\n<p>Por ello, de mantenerse estas alzas del crudo en el marcado internacional -donde super\u00f3 los US$70 el barril- , aquello debiese verse reflejados en el valor de las bencinas a nivel local, sumado a la afectaci\u00f3n que esto podr\u00eda provocar por el denominado \u201cefecto de segunda vuelta\u201d.<\/p>\n\n\n\n<p>Es decir, el eventual encarecimiento de aquellos bienes que utilizan el combustible f\u00f3sil en su cadena de producci\u00f3n. Aunque todo depender\u00e1 de la forma en que vaya escalando el conflicto entre Washington y Teher\u00e1n, seg\u00fan lo que visualiza el director del centro de Estudios en Econom\u00eda y Negocios de la U. del Desarrollo Cristi\u00e1n Echeverr\u00eda, por ahora debiese anotarse \u201cun alza de unos $50 por litro aproximadamente, si es que el precio del petr\u00f3leo se mantuviera a los niveles actuales por las pr\u00f3ximas semanas\u201d.<\/p>\n\n\n\n<p>Esto, considerando que sin estar reflejado el impacto del conflicto, las bencinas ya llevan seis semanas consecutivas de alzas. En tanto, el acad\u00e9mico de la U. de Chile, Alejandro Alarc\u00f3n, se\u00f1al\u00f3 que \u201cen este momento\u201d, y gatillada por la tensi\u00f3n geopol\u00edtica, espera una subida en las bencinas cercana al 3%, mientras que el economista y acad\u00e9mico de la U. de Los Andes, Carlos Budnevich, dijo que una fuerte escalada en el precio de los combustibles por el alza de petr\u00f3leo estar\u00e1 sujeto al Mecanismo de Estabilizaci\u00f3n de Precios de los Combustibles (Mepco).<\/p>\n\n\n\n<p>\u201c(Habr\u00e1) un alza de unos $50 por litro aproximadamente, si es que el precio del petr\u00f3leo se mantuviera a los niveles actuales por las pr\u00f3ximas semanas\u201d. Cristi\u00e1n Echeverr\u00eda\u201dEl punto es ah\u00ed si el Gobierno va a tomar una decisi\u00f3n de mantener los precios por un tiempo en forma excepcional internamente o definitivamente traspasarlo a precios internos.<\/p>\n\n\n\n<p>Es decir \u00bfqui\u00e9n va a pagar la cuenta? O la va a pagar el Fisco o la van a pagar los consumidores. Pero alguien va a pagar la cuenta\u201d, dijo Budnevich a Emol. Y agreg\u00f3 que \u201ceso en un pa\u00eds como el nuestro que es muy dependiente del transporte son malas noticias.<\/p>\n\n\n\n<p>Todo depender\u00e1 de c\u00f3mo se soluciones esto (el conflicto en Medio Oriente), qu\u00e9 tanto dure este conflicto. Si comienza a escalar m\u00e1s y m\u00e1s tiempo, van a ser peores noticias en adelante\u201d. \u00bfCongelar los precios? Sobre si el Ejecutivo debiese replicar lo que hizo al inicio de la crisis social, cuando el precio de las bencinas estuvo congelado durante cuatro semanas luego de que solicitara a Enap que realizara aquello con cargo al fisco, el acad\u00e9mico de la U. Andes expuso que el problema que presentar\u00eda esto es aplicar mayores gastos en un contexto en donde las demandas sociales ya implican bastante.<\/p>\n\n\n\n<p>\u201cTenemos aqu\u00ed otro elemento de presi\u00f3n de gasto y las cuentas tienen que consolidarse. Entonces, ojo con eso\u201d, se\u00f1al\u00f3. Por su parte, Alarc\u00f3n tambi\u00e9n present\u00f3 dudas respecto a la posibilidad de paralizar por un tiempo el alza de los combustibles producto de la contingencia internacional, al igual que entre octubre y noviembre pasado. \u201cDesde entonces las necesidades sociales han ido creciendo y se requieren en estos momentos muchos recursos fiscales en otras situaciones\u201d, asegur\u00f3.<\/p>\n\n\n\n<p>\u201cPor lo tanto, no estoy tan claro que el Gobierno vaya a hacer lo mismo que la otra vez. Y si no, va a ver un impacto del petr\u00f3leo en el combustible y la producci\u00f3n en otros bienes que son los que llamamos los efectos de segunda vuelta\u201d, a\u00f1adi\u00f3. Mientra que Echeverr\u00eda vislumbra como una opci\u00f3n que el Gobierno pueda \u201csuavizar\u201d -m\u00e1s de lo que lo hace el Mepco, que s\u00f3lo permite una m\u00e1xima variaci\u00f3n semanal de $5,9 por litro-. la velocidad del alza esperando que esta sea transitoria, pero si es que esta se transforma en \u201cun alza permanente en el precio del petr\u00f3leo y es una escalada de US$80, US$90 o US$100 el barril, no hay fondo de estabilizaci\u00f3n que resista ese nivel\u201d.<\/p>\n\n\n\n<p>\u201cA lo m\u00e1s que se puede apostar es suavizar el proceso de alza para que la poblaci\u00f3n no se resienta de que subi\u00f3 15% la bencina en una semana. Eso ser\u00eda muy impopular\u201d, apunt\u00f3. \u00bfY qu\u00e9 dice el Gobierno? El ministro de Hacienda, Ignacio Briones, antes de aclarar si intervendr\u00e1n de alguna manera, llam\u00f3 a \u201cmirar con atenci\u00f3n lo que va a pasar, no sobrerreaccionar y confiar en que tenemos buenas herramientas para poder morigerar de buena manera estos golpes y las variables que ocurren en el mercado de las cueles estamos afectados todo el tiempo\u201d.<\/p>\n\n\n\n<p>\u201cSi el petr\u00f3leo sube es una mala noticia y nosotros tenemos herramientas de estabilizaci\u00f3n, tenemos el fondo de estabilizaci\u00f3n del precio del combustible que est\u00e1 operando\u201d, agreg\u00f3 el jefe de la billetera fiscal.<\/p>\n\n\n\n<p>El d\u00f3lar Respecto a la fuerte alza registrada este lunes del d\u00f3lar, Alarc\u00f3n coment\u00f3 que \u201cestamos viendo que el conflicto ha provocado en los inversionistas una demanda adicional por d\u00f3lares en los mercados globales, incluso en Chile\u201d. \u201cPor lo tanto, tenemos un tipo de cambio con mucha trayectoria.<\/p>\n\n\n\n<p>Se hab\u00eda logrado a trav\u00e9s de la intervenci\u00f3n del Banco Central suavizar la trayectoria al alza del tipo de cambio que estaba (en los \u00faltimos d\u00edas) a niveles de $750 y ahora ha subido arriba de $770\u201d, dijo.<\/p>\n\n\n\n<p>En ese sentido, sostuvo que la reacci\u00f3n al conflicto entre Estados Unidos e Ir\u00e1n ya ha sido visible, por lo que ahora hay que esperar que baje \u201cel grado de sobrerreacci\u00f3n y la trayectoria del conflicto. La sobrerreacci\u00f3n va a suavizar, pero si el conflicto sigue, va a seguir la presi\u00f3n sobre el d\u00f3lar\u201d. NOTICIA<\/p>\n\n\n\n<p>Seg\u00fan Echeverr\u00eda, la autoridad local no puede hacer \u201cnada\u201d frente a esta escalada del tipo de cambio, y es que el mencionado conflicto internacional implica \u201cfactores demasiado masivos para el tama\u00f1o de las reservas acumuladas del Banco Central\u201d, y a\u00f1adi\u00f3 que \u201cno me extra\u00f1ar\u00eda nada ver el d\u00f3lar en $800 en los pr\u00f3ximos d\u00edas.<\/p>\n\n\n\n<p>Y si en las pr\u00f3ximas horas dinamitan una embajada norteamericana en alguna parte, el d\u00f3lar sube a $850\u201d. Dicho eso, indic\u00f3 que con la devaluaci\u00f3n del peso chileno se genera un efecto adverso \u201cal corto plazo\u201d, pero al mediano plazo, \u201cde aqu\u00ed a seis meses podr\u00eda haber un efecto de mayor competitividad de nuestras exportaciones, m\u00e1s de lo que ya son\u201d.<\/p>\n\n\n\n<p>\u201cLo digo porque tambi\u00e9n tenemos una experiencia bien reciente de una moneda que se depreci\u00f3 brutalmente: la libra despu\u00e9s de Brexit cay\u00f3 20% en un periodo corto y sin embargo fue s\u00faper estimulador para las exportaciones inglesas. Entonces lo que estoy diciendo es real, solo que se demora\u201d, concluy\u00f3.<\/p>\n\n\n\n<p>Fuente: Emol.com<\/p>\n","protected":false},"excerpt":{"rendered":"<p>Luego de un viernes complejo, los mercados del mundo profundizaron sus reacciones pesimistas este lunes en medio de la incertidumbre en el Medio Oriente producto de la creciente tensi\u00f3n entre&#8230; <a class=\"read-more\" href=\"https:\/\/www.radiopresidenteibanez.cl\/web\/crisis-entre-iran-y-estados-unidos-podria-repercutir-en-chile-provocando-varias-semanas-seguidas-de-alza-en-los-combustibles-sumando-mas-de-240-desde-la-ultima-baja\/\">Leer m\u00e1s<\/a><\/p>\n","protected":false},"author":2,"featured_media":8831,"comment_status":"closed","ping_status":"closed","sticky":false,"template":"","format":"standard","meta":{"footnotes":""},"categories":[1],"tags":[],"class_list":["post-8830","post","type-post","status-publish","format-standard","has-post-thumbnail","hentry","category-cronica"],"_links":{"self":[{"href":"https:\/\/www.radiopresidenteibanez.cl\/web\/wp-json\/wp\/v2\/posts\/8830","targetHints":{"allow":["GET"]}}],"collection":[{"href":"https:\/\/www.radiopresidenteibanez.cl\/web\/wp-json\/wp\/v2\/posts"}],"about":[{"href":"https:\/\/www.radiopresidenteibanez.cl\/web\/wp-json\/wp\/v2\/types\/post"}],"author":[{"embeddable":true,"href":"https:\/\/www.radiopresidenteibanez.cl\/web\/wp-json\/wp\/v2\/users\/2"}],"replies":[{"embeddable":true,"href":"https:\/\/www.radiopresidenteibanez.cl\/web\/wp-json\/wp\/v2\/comments?post=8830"}],"version-history":[{"count":0,"href":"https:\/\/www.radiopresidenteibanez.cl\/web\/wp-json\/wp\/v2\/posts\/8830\/revisions"}],"wp:featuredmedia":[{"embeddable":true,"href":"https:\/\/www.radiopresidenteibanez.cl\/web\/wp-json\/wp\/v2\/media\/8831"}],"wp:attachment":[{"href":"https:\/\/www.radiopresidenteibanez.cl\/web\/wp-json\/wp\/v2\/media?parent=8830"}],"wp:term":[{"taxonomy":"category","embeddable":true,"href":"https:\/\/www.radiopresidenteibanez.cl\/web\/wp-json\/wp\/v2\/categories?post=8830"},{"taxonomy":"post_tag","embeddable":true,"href":"https:\/\/www.radiopresidenteibanez.cl\/web\/wp-json\/wp\/v2\/tags?post=8830"}],"curies":[{"name":"wp","href":"https:\/\/api.w.org\/{rel}","templated":true}]}}