{"id":8827,"date":"2020-01-07T14:15:21","date_gmt":"2020-01-07T14:15:21","guid":{"rendered":"https:\/\/www.radiopresidenteibanez.cl\/web\/?p=8827"},"modified":"2020-01-07T14:15:26","modified_gmt":"2020-01-07T14:15:26","slug":"gobernador-raul-suazo-participo-junto-a-conaf-en-campana-de-prevencion-de-incendios-forestales","status":"publish","type":"post","link":"https:\/\/www.radiopresidenteibanez.cl\/web\/gobernador-raul-suazo-participo-junto-a-conaf-en-campana-de-prevencion-de-incendios-forestales\/","title":{"rendered":"GOBERNADOR RA\u00daL SUAZO PARTICIP\u00d3 JUNTO A CONAF EN CAMPA\u00d1A DE PREVENCI\u00d3N DE INCENDIOS FORESTALES"},"content":{"rendered":"\n<p>En pleno centro de\nNatales se llev\u00f3 a cabo una campa\u00f1a para la prevenci\u00f3n de incendios forestales\nimpulsada por parte de la Conaf en la que participaron el Gobernador Ra\u00fal\nSuazo, Carabineros y la PDI. La idea de esta iniciativa es que las personas\npuedan tomar todos los resguardos y precauciones necesarias a la hora de\nutilizar el fuego, de manera tal que no sucedan accidentes que pueden ser evitados.<\/p>\n\n\n\n<p>En relaci\u00f3n a esta\ncampa\u00f1a, el Gobernador de la Provincia de \u00daltima Esperanza, Ra\u00fal Suazo, destac\u00f3\nel hecho de realizar este tipo de intervenciones, destacando especialmente que\neste ha sido un a\u00f1o de sequ\u00eda en Chile, al respecto se\u00f1al\u00f3 que \u201caprovechando\nque estamos comenzando la \u00e9poca de verano, no est\u00e1 de m\u00e1s generar una instancia\nde difusi\u00f3n y promoci\u00f3n de lo que es la prevenci\u00f3n de los incendios forestales.\nHay que recordar que este ha sido uno de los a\u00f1os m\u00e1s complejos que ha tenido\nel pa\u00eds en t\u00e9rminos de sequ\u00eda a nivel nacional. Si bien es cierto nuestra\nregi\u00f3n tiene una particularidad clim\u00e1tica distinta, las temperaturas se est\u00e1n\nelevando en todo el pa\u00eds, por lo mismo no est\u00e1 de m\u00e1s alertar, difundir y\npromocionar la prevenci\u00f3n de los incendios forestales\u201d. <\/p>\n\n\n\n<p>Por su parte,\nel jefe provincial de Conaf en \u00daltima Esperanza, Cristian Ruiz, llam\u00f3 a hacer\nbuen uso del fuego \u201csabemos que los incendios son un problema que se puede dar\nen todo el pa\u00eds y que la gran causa de ellos siempre est\u00e1 vinculada a la\nintervenci\u00f3n humana, as\u00ed que no est\u00e1 de m\u00e1s hacer este tipo de actividades para\nque la comunidad y el p\u00fablico en general tengan los cuidados respectivos al\nmomento de hacer fuego, para que as\u00ed no se vea perjudicada toda nuestra\nvegetaci\u00f3n\u201d. <\/p>\n\n\n\n<p>Nos encontramos\nen plena temporada alta y con una afluencia de turistas elevada en el Parque\nNacional Torres del Paine, por lo que esta campa\u00f1a de difusi\u00f3n y prevenci\u00f3n\nllega en un momento id\u00f3neo para poder entregar herramientas que puedan ayudar a\nevitar incendios forestales, desastres que siempre son muy da\u00f1inos y costosos\npara la provincia.<\/p>\n","protected":false},"excerpt":{"rendered":"<p>En pleno centro de Natales se llev\u00f3 a cabo una campa\u00f1a para la prevenci\u00f3n de incendios forestales impulsada por parte de la Conaf en la que participaron el Gobernador Ra\u00fal&#8230; <a class=\"read-more\" href=\"https:\/\/www.radiopresidenteibanez.cl\/web\/gobernador-raul-suazo-participo-junto-a-conaf-en-campana-de-prevencion-de-incendios-forestales\/\">Leer m\u00e1s<\/a><\/p>\n","protected":false},"author":2,"featured_media":8828,"comment_status":"closed","ping_status":"closed","sticky":false,"template":"","format":"standard","meta":{"footnotes":""},"categories":[1],"tags":[],"class_list":["post-8827","post","type-post","status-publish","format-standard","has-post-thumbnail","hentry","category-cronica"],"_links":{"self":[{"href":"https:\/\/www.radiopresidenteibanez.cl\/web\/wp-json\/wp\/v2\/posts\/8827","targetHints":{"allow":["GET"]}}],"collection":[{"href":"https:\/\/www.radiopresidenteibanez.cl\/web\/wp-json\/wp\/v2\/posts"}],"about":[{"href":"https:\/\/www.radiopresidenteibanez.cl\/web\/wp-json\/wp\/v2\/types\/post"}],"author":[{"embeddable":true,"href":"https:\/\/www.radiopresidenteibanez.cl\/web\/wp-json\/wp\/v2\/users\/2"}],"replies":[{"embeddable":true,"href":"https:\/\/www.radiopresidenteibanez.cl\/web\/wp-json\/wp\/v2\/comments?post=8827"}],"version-history":[{"count":0,"href":"https:\/\/www.radiopresidenteibanez.cl\/web\/wp-json\/wp\/v2\/posts\/8827\/revisions"}],"wp:featuredmedia":[{"embeddable":true,"href":"https:\/\/www.radiopresidenteibanez.cl\/web\/wp-json\/wp\/v2\/media\/8828"}],"wp:attachment":[{"href":"https:\/\/www.radiopresidenteibanez.cl\/web\/wp-json\/wp\/v2\/media?parent=8827"}],"wp:term":[{"taxonomy":"category","embeddable":true,"href":"https:\/\/www.radiopresidenteibanez.cl\/web\/wp-json\/wp\/v2\/categories?post=8827"},{"taxonomy":"post_tag","embeddable":true,"href":"https:\/\/www.radiopresidenteibanez.cl\/web\/wp-json\/wp\/v2\/tags?post=8827"}],"curies":[{"name":"wp","href":"https:\/\/api.w.org\/{rel}","templated":true}]}}