{"id":8824,"date":"2020-01-07T14:11:56","date_gmt":"2020-01-07T14:11:56","guid":{"rendered":"https:\/\/www.radiopresidenteibanez.cl\/web\/?p=8824"},"modified":"2020-01-07T14:12:00","modified_gmt":"2020-01-07T14:12:00","slug":"gobernacion-de-ultima-esperanza-ejecutara-proyecto-que-construira-banos-para-ninos-de-taller-de-seno-obstruccion","status":"publish","type":"post","link":"https:\/\/www.radiopresidenteibanez.cl\/web\/gobernacion-de-ultima-esperanza-ejecutara-proyecto-que-construira-banos-para-ninos-de-taller-de-seno-obstruccion\/","title":{"rendered":"GOBERNACI\u00d3N DE \u00daLTIMA ESPERANZA EJECUTAR\u00c1 PROYECTO QUE CONSTRUIR\u00c1 BA\u00d1OS PARA NI\u00d1OS DE TALLER DE SENO OBSTRUCCI\u00d3N"},"content":{"rendered":"\n<p>Hasta la localidad de\nSeno Obstrucci\u00f3n, en la comunidad Kaw\u00e9sqar de R\u00edo Primero, lleg\u00f3 el Gobernador\nRa\u00fal Suazo para darle a conocer a su gente que ya se cuenta con los fondos para\nla construcci\u00f3n de unos ba\u00f1os para los ni\u00f1os del taller intercultural de la\nzona. Esta noticia cobra gran importancia por el hecho de que solamente cuentan\ncon un pozo negro que queda afuera del recinto.<\/p>\n\n\n\n<p>El plan de esta\nconstrucci\u00f3n se enmarca en una iniciativa llamada \u201cTaller Intercultural de Seno\nObstrucci\u00f3n\u201d, en la que la comunidad kaw\u00e9sqar de la zona present\u00f3 un proyecto a\nConadi, obteniendo posteriormente los recursos a trav\u00e9s de un fondo llamado\nConvenio de asignaci\u00f3n directa, apoyo, actividades participativas y de fomento\npara la poblaci\u00f3n ind\u00edgena de la Provincia de \u00daltima Esperanza; el cual es\nejecutado a trav\u00e9s de la Gobernaci\u00f3n Provincial.<\/p>\n\n\n\n<p>A prop\u00f3sito de la puesta\nen marcha de este proyecto, el Gobernador Ra\u00fal Suazo se mostr\u00f3 muy alegre,\nse\u00f1alando que \u201cestamos muy contentos porque cumplimos un\ncompromiso que hab\u00edamos adquirido con la gente de Seno Obstrucci\u00f3n que es que\nse va a construir este ba\u00f1o con servicio de alcantarillado, y eso es algo s\u00faper\nimportante porque estaban funcionando con un pozo negro y poder cambiar esa\nsituaci\u00f3n es un gran paso que viene ayudar mucho, especialmente a los ni\u00f1os\u201d.<\/p>\n\n\n\n<p>Inicialmente este plan\ncont\u00f3 con un presupuesto de 3,5 millones de pesos, pero luego de las\nsolicitudes correspondientes, se aument\u00f3 a $6.562.580 pesos, hecho que logr\u00f3\nque el proyecto tuviese un mejor desarrollo y su ejecuci\u00f3n tenga mayor\nfacilidad al contar con m\u00e1s recursos. <\/p>\n\n\n\n<p>Ante este proyecto, la\npresidenta de la comunidad kaw\u00e9sqar de R\u00edo Primero, Rosa \u00c1guila Caro, manifest\u00f3\nestar muy feliz por lo que esto va a significar para los ni\u00f1os, sobre esto\nse\u00f1al\u00f3 que \u201cme parece que este proyecto es muy bueno para los\nni\u00f1os, ya que son ellos los que m\u00e1s necesitan que se construyan estos ba\u00f1os.\nConsidero que les va a beneficiar mucho porque es muy importante que no tengan\nque salir a la intemperie cada vez que necesiten ir al ba\u00f1o, estoy muy contenta\ncon que se haga esta construcci\u00f3n, por eso mismo agradecemos mucho la buena\nvoluntad de todos los que han participado en este proyecto\u201d. <\/p>\n\n\n\n<p>De\nesta manera, las obras debiesen comenzar en enero y estar finalizadas para\ninicios de febrero, por lo que todos los ni\u00f1os que forman parte de este taller intercultural,\nque se encuentran en edad preescolar, van a poder contar con unos ba\u00f1os (uno\npara ni\u00f1os y otro para ni\u00f1as) evitando as\u00ed, tener que salir al aire libre cada\nvez que requieran usarlo, especialmente en \u00e9pocas de invierno en donde las\ntemperaturas son muy bajas.<\/p>\n","protected":false},"excerpt":{"rendered":"<p>Hasta la localidad de Seno Obstrucci\u00f3n, en la comunidad Kaw\u00e9sqar de R\u00edo Primero, lleg\u00f3 el Gobernador Ra\u00fal Suazo para darle a conocer a su gente que ya se cuenta con&#8230; <a class=\"read-more\" href=\"https:\/\/www.radiopresidenteibanez.cl\/web\/gobernacion-de-ultima-esperanza-ejecutara-proyecto-que-construira-banos-para-ninos-de-taller-de-seno-obstruccion\/\">Leer m\u00e1s<\/a><\/p>\n","protected":false},"author":2,"featured_media":8825,"comment_status":"closed","ping_status":"closed","sticky":false,"template":"","format":"standard","meta":{"footnotes":""},"categories":[1],"tags":[],"class_list":["post-8824","post","type-post","status-publish","format-standard","has-post-thumbnail","hentry","category-cronica"],"_links":{"self":[{"href":"https:\/\/www.radiopresidenteibanez.cl\/web\/wp-json\/wp\/v2\/posts\/8824","targetHints":{"allow":["GET"]}}],"collection":[{"href":"https:\/\/www.radiopresidenteibanez.cl\/web\/wp-json\/wp\/v2\/posts"}],"about":[{"href":"https:\/\/www.radiopresidenteibanez.cl\/web\/wp-json\/wp\/v2\/types\/post"}],"author":[{"embeddable":true,"href":"https:\/\/www.radiopresidenteibanez.cl\/web\/wp-json\/wp\/v2\/users\/2"}],"replies":[{"embeddable":true,"href":"https:\/\/www.radiopresidenteibanez.cl\/web\/wp-json\/wp\/v2\/comments?post=8824"}],"version-history":[{"count":0,"href":"https:\/\/www.radiopresidenteibanez.cl\/web\/wp-json\/wp\/v2\/posts\/8824\/revisions"}],"wp:featuredmedia":[{"embeddable":true,"href":"https:\/\/www.radiopresidenteibanez.cl\/web\/wp-json\/wp\/v2\/media\/8825"}],"wp:attachment":[{"href":"https:\/\/www.radiopresidenteibanez.cl\/web\/wp-json\/wp\/v2\/media?parent=8824"}],"wp:term":[{"taxonomy":"category","embeddable":true,"href":"https:\/\/www.radiopresidenteibanez.cl\/web\/wp-json\/wp\/v2\/categories?post=8824"},{"taxonomy":"post_tag","embeddable":true,"href":"https:\/\/www.radiopresidenteibanez.cl\/web\/wp-json\/wp\/v2\/tags?post=8824"}],"curies":[{"name":"wp","href":"https:\/\/api.w.org\/{rel}","templated":true}]}}