{"id":8821,"date":"2020-01-07T14:07:40","date_gmt":"2020-01-07T14:07:40","guid":{"rendered":"https:\/\/www.radiopresidenteibanez.cl\/web\/?p=8821"},"modified":"2020-01-07T14:07:43","modified_gmt":"2020-01-07T14:07:43","slug":"exitoso-primer-dialogo-ciudadano-de-elchilequequeremos-en-la-provincia-de-ultima-esperanza","status":"publish","type":"post","link":"https:\/\/www.radiopresidenteibanez.cl\/web\/exitoso-primer-dialogo-ciudadano-de-elchilequequeremos-en-la-provincia-de-ultima-esperanza\/","title":{"rendered":"EXITOSO PRIMER DI\u00c1LOGO CIUDADANO DE #ELCHILEQUEQUEREMOS EN LA PROVINCIA DE \u00daLTIMA ESPERANZA"},"content":{"rendered":"\n<p>Finalmente lleg\u00f3 el d\u00eda\nen que se dieron cita los adultos mayores de los diferentes clubes que existen\nen Natales, as\u00ed como tambi\u00e9n quienes asistieron de manera independiente. Sin\nimportar si iban en representaci\u00f3n de alguna agrupaci\u00f3n o no, la idea era poder\nplasmar sus inquietudes, sugerencias y aportes, los que permitir\u00e1n ir d\u00e1ndole\nforma a la agenda social en base a sus necesidades m\u00e1s apremiantes a trav\u00e9s de\n\u201cEl Chile que Queremos\u201d.<\/p>\n\n\n\n<p>El recinto elegido para\ndesarrollar esta importante iniciativa fue la Sala de uso m\u00faltiple ubicada en\ncalle Miraflores, hasta donde lleg\u00f3 el Gobernador de la Provincia de \u00daltima\nEsperanza, Ra\u00fal Suazo, quien se manifest\u00f3 con entusiasmo ante la realizaci\u00f3n de\nesta actividad, sobre esto argument\u00f3 que \u201cesta actividad se enmarca dentro de \u2018El\nChile que queremos\u2019, pero en este caso es exclusivamente de adultos mayores,\nellos nos solicitaron tener un espacio propio, donde pudieran sentirse en\nconfianza y manifestar su opini\u00f3n con total libertad. Nosotros como Gobernaci\u00f3n\nProvincial acogimos esa solicitud y pudimos organizar este di\u00e1logo en donde\nagradecemos la alta presencia de adultos mayores\u201d.<\/p>\n\n\n\n<p>La esencia de\nesta actividad era que los propios adultos mayores fueran dando la pauta de la\nconversaci\u00f3n en los respectivos grupos en que se dividieron, mientras que los\nmonitores de Gobierno en Terreno fueron tomando nota del desarrollo de los\ndi\u00e1logos con la finalidad de contar con un informe detallado de lo que trat\u00f3\ncada grupo.<\/p>\n\n\n\n<p>Quien tambi\u00e9n\nse mostr\u00f3 muy contenta con esta actividad fue la se\u00f1ora Zulema Ojeda, directora\ny presidenta honoraria de la Uni\u00f3n Comunal del Adulto Mayor (UCAM), destacando\nla puesta en marcha de esta actividad, \u201cagradezco al se\u00f1or Gobernador porque\nnos escuch\u00f3 y organiz\u00f3 este encuentro en el que podemos participar exclusivamente\nlos adultos mayores dando nuestras opiniones. Yo s\u00e9 que las cosas se consiguen\ncon tiempo, pero de a poco hemos ido avanzando\u201d, se\u00f1al\u00f3.<\/p>\n\n\n\n<p>De este modo,\nla jornada finaliz\u00f3 de manera exitosa y con gran aceptaci\u00f3n por parte de\nquienes asistieron. Asimismo, la informaci\u00f3n que surgi\u00f3 de las conversaciones,\nse sistematizar\u00e1 para luego ser subida al portal de <em>El Chile que Queremos<\/em>, quedando as\u00ed materializado el aporte de\nestos di\u00e1logos como un insumo que estar\u00e1 orientado hacia la construcci\u00f3n de una\nnueva agenda social.<\/p>\n","protected":false},"excerpt":{"rendered":"<p>Finalmente lleg\u00f3 el d\u00eda en que se dieron cita los adultos mayores de los diferentes clubes que existen en Natales, as\u00ed como tambi\u00e9n quienes asistieron de manera independiente. Sin importar&#8230; <a class=\"read-more\" href=\"https:\/\/www.radiopresidenteibanez.cl\/web\/exitoso-primer-dialogo-ciudadano-de-elchilequequeremos-en-la-provincia-de-ultima-esperanza\/\">Leer m\u00e1s<\/a><\/p>\n","protected":false},"author":2,"featured_media":8822,"comment_status":"closed","ping_status":"closed","sticky":false,"template":"","format":"standard","meta":{"footnotes":""},"categories":[1],"tags":[],"class_list":["post-8821","post","type-post","status-publish","format-standard","has-post-thumbnail","hentry","category-cronica"],"_links":{"self":[{"href":"https:\/\/www.radiopresidenteibanez.cl\/web\/wp-json\/wp\/v2\/posts\/8821","targetHints":{"allow":["GET"]}}],"collection":[{"href":"https:\/\/www.radiopresidenteibanez.cl\/web\/wp-json\/wp\/v2\/posts"}],"about":[{"href":"https:\/\/www.radiopresidenteibanez.cl\/web\/wp-json\/wp\/v2\/types\/post"}],"author":[{"embeddable":true,"href":"https:\/\/www.radiopresidenteibanez.cl\/web\/wp-json\/wp\/v2\/users\/2"}],"replies":[{"embeddable":true,"href":"https:\/\/www.radiopresidenteibanez.cl\/web\/wp-json\/wp\/v2\/comments?post=8821"}],"version-history":[{"count":0,"href":"https:\/\/www.radiopresidenteibanez.cl\/web\/wp-json\/wp\/v2\/posts\/8821\/revisions"}],"wp:featuredmedia":[{"embeddable":true,"href":"https:\/\/www.radiopresidenteibanez.cl\/web\/wp-json\/wp\/v2\/media\/8822"}],"wp:attachment":[{"href":"https:\/\/www.radiopresidenteibanez.cl\/web\/wp-json\/wp\/v2\/media?parent=8821"}],"wp:term":[{"taxonomy":"category","embeddable":true,"href":"https:\/\/www.radiopresidenteibanez.cl\/web\/wp-json\/wp\/v2\/categories?post=8821"},{"taxonomy":"post_tag","embeddable":true,"href":"https:\/\/www.radiopresidenteibanez.cl\/web\/wp-json\/wp\/v2\/tags?post=8821"}],"curies":[{"name":"wp","href":"https:\/\/api.w.org\/{rel}","templated":true}]}}