{"id":8818,"date":"2020-01-07T14:04:46","date_gmt":"2020-01-07T14:04:46","guid":{"rendered":"https:\/\/www.radiopresidenteibanez.cl\/web\/?p=8818"},"modified":"2020-01-07T14:04:50","modified_gmt":"2020-01-07T14:04:50","slug":"seremi-de-ciencia-y-congreso-futuro-2020-magallanes-tiene-un-alto-potencial-cientifico-y-necesitamos-que-la-ciencia-se-discuta-que-sea-parte-de-nuestras-conversaciones-diarias","status":"publish","type":"post","link":"https:\/\/www.radiopresidenteibanez.cl\/web\/seremi-de-ciencia-y-congreso-futuro-2020-magallanes-tiene-un-alto-potencial-cientifico-y-necesitamos-que-la-ciencia-se-discuta-que-sea-parte-de-nuestras-conversaciones-diarias\/","title":{"rendered":"SEREMI DE CIENCIA Y CONGRESO FUTURO 2020 \u201cMAGALLANES TIENE UN ALTO POTENCIAL CIENT\u00cdFICO Y NECESITAMOS QUE LA CIENCIA SE DISCUTA, QUE SEA PARTE DE NUESTRAS CONVERSACIONES DIARIAS\u201d"},"content":{"rendered":"\n<p>Hace poco m\u00e1s de un mes fue presentada\noficialmente como la primera Secretaria Regional Ministerial de Ciencia,\nTecnolog\u00eda, Conocimiento e Innovaci\u00f3n de la Macrozona Austral que comprende las\nregiones de Magallanes y Ays\u00e9n. Hoy, la investigadora Pamela Santib\u00e1\u00f1ez se\nalista para participar en una nueva versi\u00f3n del Congreso Futuro que traer\u00e1 a\nPunta Arenas a destacados cient\u00edficos y pensadores internacionales el pr\u00f3ximo\n13 de enero.<\/p>\n\n\n\n<p>Previo a la jornada que se\ndesarrollar\u00e1 en el Teatro Municipal Jos\u00e9 Bohr, Santib\u00e1\u00f1ez comparti\u00f3 cu\u00e1les son sus\nexpectativas para este nuevo encuentro cient\u00edfico y ciudadano, qu\u00e9 opina de los\npresentadores, sus desaf\u00edos y la equidad de g\u00e9nero en la ciencia chilena.<\/p>\n\n\n\n<p><strong>&#8211; \u00bfCu\u00e1les son las expectativas\npara esta nueva versi\u00f3n del Congreso Futuro?<\/strong><\/p>\n\n\n\n<p>&#8211; La gran expectativa para esta\nnueva versi\u00f3n es que se generen los espacios de aprendizaje, reflexi\u00f3n,\nconversaci\u00f3n, creaci\u00f3n, intercambio de ideas y discusi\u00f3n respecto a la sociedad\nque queremos construir y como la ciencia es un eje importante para su construcci\u00f3n\ny desarrollo. La expectativa es que la comunidad aproveche esta oportunidad de\nconversar de ciencia y discutir acerca de los desaf\u00edos futuros que son\naltamente relevantes en los tiempos que estamos viviendo como pa\u00eds y planeta,\nnecesitamos usar estos espacios e instancias para conectar la sociedad con el\nconocimiento, y as\u00ed buscar soluciones con base cient\u00edfica en conjunto, en\ncomunidad.<\/p>\n\n\n\n<p><strong>&#8211; Desde una Premio Nobel,\npasando por ciencias de la tierra y la divulgaci\u00f3n y comunicaci\u00f3n de las\nciencias forman parte de los temas que traer\u00e1n los invitados. \u00bfQu\u00e9 le parecen\nlas presentaciones que estar\u00e1n en Punta Arenas el 13 de enero?<\/strong><\/p>\n\n\n\n<p>Todas las presentaciones me\nparecen una excelente oportunidad para aprender y conocer cu\u00e1les son los\ndesaf\u00edos y como se resuelven problemas con los avances\ncient\u00edficos-tecnol\u00f3gicos. Este es un espacio para entender para qu\u00e9 sirve la\nciencia y tener la oportunidad de hacer preguntas a los presentadores. En el\ncaso de Donna Strickland (Dr. en \u00d3ptica), quien es la tercera mujer en recibir\nun Premio Nobel de F\u00edsica y quien se ha focalizado en demostrar que la ciencia\nes divertida, ser\u00e1 una presentaci\u00f3n en la cual entenderemos lo que implica\nempujar los l\u00edmites, en este caso de lo que los l\u00e1ser, y c\u00f3mo generaron este\nm\u00e9todo para obtener pulsos ultra cortos y de alta intensidad sin destruir el\nmaterial amplificador, y como pueden aplicar este m\u00e9todo a las cirug\u00eda del\nglobo ocular. <\/p>\n\n\n\n<p>En el caso de Timothy Naish (Dr.\nen Ciencias de la Tierra), director del Centro de Investigaci\u00f3n Ant\u00e1rtica de Victoria\nUniversity of Wellington, quien est\u00e1 altamente conectado a Punta Arenas y la Regi\u00f3n\nde Magallanes, como investigador ant\u00e1rtico, nos contar\u00e1 uno de los puntos que\ndemuestra porque Ant\u00e1rtica es tan importante para el sistema clim\u00e1tico y para\nquienes habitan este planeta. Particularmente nos hablar\u00e1 de c\u00f3mo se predicen\nlas contribuciones del casquete polar ant\u00e1rtico al aumento del nivel del mar\nfuturo. Nos contar\u00e1 de las aproximaciones que usa para modelar las tasas a las\ncuales Ant\u00e1rtica se derretir\u00e1 y nos mostrar\u00e1 c\u00f3mo los registros del clima\npasado son usados para probar estos modelos. El aumento del nivel del mar tiene\nun impacto directo sobre las personas que habitan en zonas cercanas a la costa\ncomo para la agricultura que se realiza en estas \u00e1reas. <\/p>\n\n\n\n<p>En el caso de Joe Palca (Dr. en\nPsicolog\u00eda) nos mostrar\u00e1 la importancia de la divulgaci\u00f3n cient\u00edfica, de que la\nciencia se d\u00e9 a conocer y cu\u00e1les son las metodolog\u00edas y desaf\u00edos para que esta\nsea efectiva y pueda ser compartida con la sociedad para que sea parte de los\ncambios que se necesitan, es un vinculador, un divulgador de la ciencia.<\/p>\n\n\n\n<p><strong>&#8211; \u00bfPor qu\u00e9 cree que es\nimportante contar nuevamente con un evento de este tipo en Magallanes?<\/strong><\/p>\n\n\n\n<p>Es importante porque la ciudad,\nla regi\u00f3n, el pa\u00eds y el planeta se construyen con todas y todos. Magallanes\ntiene un alto potencial cient\u00edfico y necesitamos que la ciencia se discuta, que\nsea parte de nuestras conversaciones diarias, de nuestra sobremesa. Necesitamos\nestas instancias de reflexi\u00f3n cient\u00edfica como sociedad. Como magall\u00e1nicos,\nnecesitamos estar involucrados. <\/p>\n\n\n\n<p><strong>&#8211; Esta versi\u00f3n del Congreso\nFuturo llega en un momento muy especial y relevante para el pa\u00eds y para la\nregi\u00f3n. Por primera vez contamos con un Ministerio de la Ciencia y una\nrepresentaci\u00f3n en la regi\u00f3n. \u00bfC\u00f3mo asume este desaf\u00edo?<\/strong><\/p>\n\n\n\n<p>&#8211; Asumo este desaf\u00edo con muchas\nganas de construir la pol\u00edtica cient\u00edfica nacional desde regiones, de vincular\na los distintos actores de las instituciones cient\u00edficas, del mundo pol\u00edtico,\ndel sector productivo y privado. El ministerio, y por lo tanto la seremi,\ntienen como misi\u00f3n fomentar y fortalecer la ciencia, la tecnolog\u00eda y la\ninnovaci\u00f3n para alcanzar un desarrollo sostenible e integral para el bienestar\nde las personas y sus territorios. Existe un alto potencial cient\u00edfico\nterritorial y humano, solo queda creernos el cuento, ser autocr\u00edticos, buscar\nsoluciones y construir en conjunto, en comunidad. &nbsp;Aprovecho de pasar el dato, todas y todos\ndebemos participar de esta construcci\u00f3n, por lo tanto, los invito a realizar\nlas mesas autogestionadas para construir la pol\u00edtica de ciencia, tecnolog\u00eda,\nconocimiento e innovaci\u00f3n en https:\/\/pensemosjuntos.cl\/. Cierra el 20 de enero,\nquiz\u00e1 hay una extensi\u00f3n, pero los invito a participar lo antes posible, ya que\nqueremos escucharlos a tod@s.<\/p>\n\n\n\n<p><strong>&#8211; \u00bfC\u00f3mo ve el tema de g\u00e9nero\nen la ciencia nacional?<\/strong><\/p>\n\n\n\n<p>Aunque hay muchos avances,\nsabemos que a\u00fan existen sesgos culturales, discriminaci\u00f3n sistematizada,\nbarreras de entrada, estereotipos y roles tradicionales de g\u00e9nero que son\nimpuestos a las mujeres y que muchas debemos enfrentar a lo largo de la vida.\nEstas brechas est\u00e1n presentes y bien marcadas en el mundo cient\u00edfico nacional,\na pesar de que la evidencia cient\u00edfica muestra que tanto las mujeres como\nhombres nacemos con las mismas capacidades intelectuales, y es nuestra cultura\nla que limita y\/o expande nuestras oportunidades e intereses. <\/p>\n\n\n\n<p>El ministerio de Ciencia est\u00e1\npreparando un Agenda de G\u00e9nero basada en un diagn\u00f3stico y en mesas de trabajo,\nya que sabemos que existe una marcada segregaci\u00f3n horizontal en distintas\ncarreras, por ejemplo: el 80% de l@s titulad@s de pregado (entre el 2009-2017)\nen el \u00e1rea de Salud y Servicios Sociales son mujeres, versus a un 20% y 16% en\nlas \u00e1reas de Ciencias e Ingeniera, respectivamente. <\/p>\n\n\n\n<p>Existe adem\u00e1s una fuerte\nsegregaci\u00f3n vertical en la ciencia nacional: la participaci\u00f3n femenina disminuye\ndr\u00e1sticamente a medida que se avanza en el nivel de titulaci\u00f3n y la jerarqu\u00eda\nacad\u00e9mica. Y, por \u00faltimo, se \u201cpierden\u201d mujeres a media que avanzamos en el\nnivel de investigaci\u00f3n: Las mujeres representan un 50% de los graduados de\npost-grado, pero menos del 30% de las adjudicaciones de Fondecyt regular\n(recursos concursables para realizar investigaci\u00f3n), y son menos de un 20% de\ndirectores de centros de investigaci\u00f3n son mujeres.<\/p>\n","protected":false},"excerpt":{"rendered":"<p>Hace poco m\u00e1s de un mes fue presentada oficialmente como la primera Secretaria Regional Ministerial de Ciencia, Tecnolog\u00eda, Conocimiento e Innovaci\u00f3n de la Macrozona Austral que comprende las regiones de&#8230; <a class=\"read-more\" href=\"https:\/\/www.radiopresidenteibanez.cl\/web\/seremi-de-ciencia-y-congreso-futuro-2020-magallanes-tiene-un-alto-potencial-cientifico-y-necesitamos-que-la-ciencia-se-discuta-que-sea-parte-de-nuestras-conversaciones-diarias\/\">Leer m\u00e1s<\/a><\/p>\n","protected":false},"author":2,"featured_media":8819,"comment_status":"closed","ping_status":"closed","sticky":false,"template":"","format":"standard","meta":{"footnotes":""},"categories":[1],"tags":[],"class_list":["post-8818","post","type-post","status-publish","format-standard","has-post-thumbnail","hentry","category-cronica"],"_links":{"self":[{"href":"https:\/\/www.radiopresidenteibanez.cl\/web\/wp-json\/wp\/v2\/posts\/8818","targetHints":{"allow":["GET"]}}],"collection":[{"href":"https:\/\/www.radiopresidenteibanez.cl\/web\/wp-json\/wp\/v2\/posts"}],"about":[{"href":"https:\/\/www.radiopresidenteibanez.cl\/web\/wp-json\/wp\/v2\/types\/post"}],"author":[{"embeddable":true,"href":"https:\/\/www.radiopresidenteibanez.cl\/web\/wp-json\/wp\/v2\/users\/2"}],"replies":[{"embeddable":true,"href":"https:\/\/www.radiopresidenteibanez.cl\/web\/wp-json\/wp\/v2\/comments?post=8818"}],"version-history":[{"count":0,"href":"https:\/\/www.radiopresidenteibanez.cl\/web\/wp-json\/wp\/v2\/posts\/8818\/revisions"}],"wp:featuredmedia":[{"embeddable":true,"href":"https:\/\/www.radiopresidenteibanez.cl\/web\/wp-json\/wp\/v2\/media\/8819"}],"wp:attachment":[{"href":"https:\/\/www.radiopresidenteibanez.cl\/web\/wp-json\/wp\/v2\/media?parent=8818"}],"wp:term":[{"taxonomy":"category","embeddable":true,"href":"https:\/\/www.radiopresidenteibanez.cl\/web\/wp-json\/wp\/v2\/categories?post=8818"},{"taxonomy":"post_tag","embeddable":true,"href":"https:\/\/www.radiopresidenteibanez.cl\/web\/wp-json\/wp\/v2\/tags?post=8818"}],"curies":[{"name":"wp","href":"https:\/\/api.w.org\/{rel}","templated":true}]}}