{"id":8809,"date":"2020-01-06T14:10:13","date_gmt":"2020-01-06T14:10:13","guid":{"rendered":"https:\/\/www.radiopresidenteibanez.cl\/web\/?p=8809"},"modified":"2020-01-06T14:10:16","modified_gmt":"2020-01-06T14:10:16","slug":"corte-de-calle-magallanes-entre-jose-menendez-y-avenida-colon-registra-gran-congestion-vehicular-en-el-sector-centrico-de-punta-arenas","status":"publish","type":"post","link":"https:\/\/www.radiopresidenteibanez.cl\/web\/corte-de-calle-magallanes-entre-jose-menendez-y-avenida-colon-registra-gran-congestion-vehicular-en-el-sector-centrico-de-punta-arenas\/","title":{"rendered":"CORTE DE CALLE MAGALLANES ENTRE JOS\u00c9 MEN\u00c9NDEZ Y AVENIDA COL\u00d3N REGISTRA GRAN CONGESTI\u00d3N VEHICULAR EN EL SECTOR C\u00c9NTRICO DE PUNTA ARENAS"},"content":{"rendered":"\n<p>Desde este lunes 06 de enero y hasta fines del mes de febrero,\nse encontrar\u00e1 cortada calle Magallanes entre Jos\u00e9 Men\u00e9ndez y avenida Crist\u00f3bal\nCol\u00f3n, dicha situaci\u00f3n ha registrado gran congesti\u00f3n durante las primeras horas\nde esta jornada.<\/p>\n\n\n\n<p>Ante dicha situaci\u00f3n, los veh\u00edculos tanto particulares, como\nde locomoci\u00f3n mayor y menor deben bajar calle Jos\u00e9 Men\u00e9ndez y retomar hac\u00eda avenida\nCol\u00f3n por calle O\u2019Higgins, hasta el momento la comunidad reclama la situaci\u00f3n\nde los estacionamientos en el lugar y la nula fiscalizaci\u00f3n en el sector antes\nmencionado.<\/p>\n\n\n\n<p>Pasadas las 11:00 horas fiscalizaci\u00f3n de transporte junto al\nseremi de la cartera antes mencionada, comenzaron a realizar fiscalizaci\u00f3n en\nel sector de calle Magallanes y Jos\u00e9 Men\u00e9ndez, donde los conductores fueron\navisados que solo podr\u00e1n estacionarse en una v\u00eda.<\/p>\n","protected":false},"excerpt":{"rendered":"<p>Desde este lunes 06 de enero y hasta fines del mes de febrero, se encontrar\u00e1 cortada calle Magallanes entre Jos\u00e9 Men\u00e9ndez y avenida Crist\u00f3bal Col\u00f3n, dicha situaci\u00f3n ha registrado gran&#8230; <a class=\"read-more\" href=\"https:\/\/www.radiopresidenteibanez.cl\/web\/corte-de-calle-magallanes-entre-jose-menendez-y-avenida-colon-registra-gran-congestion-vehicular-en-el-sector-centrico-de-punta-arenas\/\">Leer m\u00e1s<\/a><\/p>\n","protected":false},"author":2,"featured_media":8810,"comment_status":"closed","ping_status":"closed","sticky":false,"template":"","format":"standard","meta":{"footnotes":""},"categories":[1],"tags":[],"class_list":["post-8809","post","type-post","status-publish","format-standard","has-post-thumbnail","hentry","category-cronica"],"_links":{"self":[{"href":"https:\/\/www.radiopresidenteibanez.cl\/web\/wp-json\/wp\/v2\/posts\/8809","targetHints":{"allow":["GET"]}}],"collection":[{"href":"https:\/\/www.radiopresidenteibanez.cl\/web\/wp-json\/wp\/v2\/posts"}],"about":[{"href":"https:\/\/www.radiopresidenteibanez.cl\/web\/wp-json\/wp\/v2\/types\/post"}],"author":[{"embeddable":true,"href":"https:\/\/www.radiopresidenteibanez.cl\/web\/wp-json\/wp\/v2\/users\/2"}],"replies":[{"embeddable":true,"href":"https:\/\/www.radiopresidenteibanez.cl\/web\/wp-json\/wp\/v2\/comments?post=8809"}],"version-history":[{"count":0,"href":"https:\/\/www.radiopresidenteibanez.cl\/web\/wp-json\/wp\/v2\/posts\/8809\/revisions"}],"wp:featuredmedia":[{"embeddable":true,"href":"https:\/\/www.radiopresidenteibanez.cl\/web\/wp-json\/wp\/v2\/media\/8810"}],"wp:attachment":[{"href":"https:\/\/www.radiopresidenteibanez.cl\/web\/wp-json\/wp\/v2\/media?parent=8809"}],"wp:term":[{"taxonomy":"category","embeddable":true,"href":"https:\/\/www.radiopresidenteibanez.cl\/web\/wp-json\/wp\/v2\/categories?post=8809"},{"taxonomy":"post_tag","embeddable":true,"href":"https:\/\/www.radiopresidenteibanez.cl\/web\/wp-json\/wp\/v2\/tags?post=8809"}],"curies":[{"name":"wp","href":"https:\/\/api.w.org\/{rel}","templated":true}]}}