{"id":8803,"date":"2020-01-06T13:32:36","date_gmt":"2020-01-06T13:32:36","guid":{"rendered":"https:\/\/www.radiopresidenteibanez.cl\/web\/?p=8803"},"modified":"2020-01-06T23:55:57","modified_gmt":"2020-01-06T23:55:57","slug":"sin-problemas-mayores-comenzo-a-rendirse-la-psu-en-punta-arenas","status":"publish","type":"post","link":"https:\/\/www.radiopresidenteibanez.cl\/web\/sin-problemas-mayores-comenzo-a-rendirse-la-psu-en-punta-arenas\/","title":{"rendered":"SIN PROBLEMAS MAYORES COMENZ\u00d3 A RENDIRSE LA PSU EN PUNTA ARENAS"},"content":{"rendered":"\n<p>Cerca de las 08:00 horas de este lunes, centenares de j\u00f3venes\nllegaron a los distintos establecimientos educacionales para rendir la Prueba\nde Selecci\u00f3n Universitaria (PSU) en Punta Arenas.<\/p>\n\n\n\n<p>Luego del inicio de la prueba un grupo de alrededor de 20 j\u00f3venes recorrieron distintos sectores c\u00e9ntricos protestando en contra de la realizaci\u00f3n de la PSU, los cuales mientras se encaminaban para llegar a la Escuela Croacia, fueron detenidos en su gran mayor\u00eda tras un procedimiento de Carabineros.<\/p>\n\n\n\n<p>A lo anterior, el Demre, ente encargado de la prueba, decidi\u00f3 otorgar algunos minutos a la prueba en el caso de que el alumnado se haya visto afectado con dichas manifestaciones y la realizaci\u00f3n normal de la PSU.<\/p>\n\n\n\n<p>im\u00e1genes cedidas: Brian Santana C.<\/p>\n\n\n\n<figure class=\"wp-block-gallery columns-2 is-cropped wp-block-gallery-1 is-layout-flex wp-block-gallery-is-layout-flex\"><ul class=\"blocks-gallery-grid\"><li class=\"blocks-gallery-item\"><figure><img loading=\"lazy\" decoding=\"async\" width=\"1024\" height=\"768\" src=\"https:\/\/www.radiopresidenteibanez.cl\/web\/wp-content\/uploads\/2020\/01\/WhatsApp-Image-2020-01-06-at-10.02.07-1024x768.jpeg\" alt=\"\" data-id=\"8804\" data-full-url=\"https:\/\/www.radiopresidenteibanez.cl\/web\/wp-content\/uploads\/2020\/01\/WhatsApp-Image-2020-01-06-at-10.02.07.jpeg\" data-link=\"https:\/\/www.radiopresidenteibanez.cl\/web\/?attachment_id=8804\" class=\"wp-image-8804\" srcset=\"https:\/\/www.radiopresidenteibanez.cl\/web\/wp-content\/uploads\/2020\/01\/WhatsApp-Image-2020-01-06-at-10.02.07-1024x768.jpeg 1024w, https:\/\/www.radiopresidenteibanez.cl\/web\/wp-content\/uploads\/2020\/01\/WhatsApp-Image-2020-01-06-at-10.02.07-300x225.jpeg 300w, https:\/\/www.radiopresidenteibanez.cl\/web\/wp-content\/uploads\/2020\/01\/WhatsApp-Image-2020-01-06-at-10.02.07-768x576.jpeg 768w, https:\/\/www.radiopresidenteibanez.cl\/web\/wp-content\/uploads\/2020\/01\/WhatsApp-Image-2020-01-06-at-10.02.07.jpeg 1040w\" sizes=\"auto, (max-width: 1024px) 100vw, 1024px\" \/><\/figure><\/li><li class=\"blocks-gallery-item\"><figure><img loading=\"lazy\" decoding=\"async\" width=\"1024\" height=\"768\" src=\"https:\/\/www.radiopresidenteibanez.cl\/web\/wp-content\/uploads\/2020\/01\/WhatsApp-Image-2020-01-06-at-10.02.06-1024x768.jpeg\" alt=\"\" data-id=\"8805\" data-full-url=\"https:\/\/www.radiopresidenteibanez.cl\/web\/wp-content\/uploads\/2020\/01\/WhatsApp-Image-2020-01-06-at-10.02.06.jpeg\" data-link=\"https:\/\/www.radiopresidenteibanez.cl\/web\/?attachment_id=8805\" class=\"wp-image-8805\" srcset=\"https:\/\/www.radiopresidenteibanez.cl\/web\/wp-content\/uploads\/2020\/01\/WhatsApp-Image-2020-01-06-at-10.02.06-1024x768.jpeg 1024w, https:\/\/www.radiopresidenteibanez.cl\/web\/wp-content\/uploads\/2020\/01\/WhatsApp-Image-2020-01-06-at-10.02.06-300x225.jpeg 300w, https:\/\/www.radiopresidenteibanez.cl\/web\/wp-content\/uploads\/2020\/01\/WhatsApp-Image-2020-01-06-at-10.02.06-768x576.jpeg 768w, https:\/\/www.radiopresidenteibanez.cl\/web\/wp-content\/uploads\/2020\/01\/WhatsApp-Image-2020-01-06-at-10.02.06.jpeg 1040w\" sizes=\"auto, (max-width: 1024px) 100vw, 1024px\" \/><\/figure><\/li><\/ul><\/figure>\n","protected":false},"excerpt":{"rendered":"<p>Cerca de las 08:00 horas de este lunes, centenares de j\u00f3venes llegaron a los distintos establecimientos educacionales para rendir la Prueba de Selecci\u00f3n Universitaria (PSU) en Punta Arenas. Luego del&#8230; <a class=\"read-more\" href=\"https:\/\/www.radiopresidenteibanez.cl\/web\/sin-problemas-mayores-comenzo-a-rendirse-la-psu-en-punta-arenas\/\">Leer m\u00e1s<\/a><\/p>\n","protected":false},"author":2,"featured_media":8805,"comment_status":"closed","ping_status":"closed","sticky":false,"template":"","format":"standard","meta":{"footnotes":""},"categories":[1],"tags":[],"class_list":["post-8803","post","type-post","status-publish","format-standard","has-post-thumbnail","hentry","category-cronica"],"_links":{"self":[{"href":"https:\/\/www.radiopresidenteibanez.cl\/web\/wp-json\/wp\/v2\/posts\/8803","targetHints":{"allow":["GET"]}}],"collection":[{"href":"https:\/\/www.radiopresidenteibanez.cl\/web\/wp-json\/wp\/v2\/posts"}],"about":[{"href":"https:\/\/www.radiopresidenteibanez.cl\/web\/wp-json\/wp\/v2\/types\/post"}],"author":[{"embeddable":true,"href":"https:\/\/www.radiopresidenteibanez.cl\/web\/wp-json\/wp\/v2\/users\/2"}],"replies":[{"embeddable":true,"href":"https:\/\/www.radiopresidenteibanez.cl\/web\/wp-json\/wp\/v2\/comments?post=8803"}],"version-history":[{"count":0,"href":"https:\/\/www.radiopresidenteibanez.cl\/web\/wp-json\/wp\/v2\/posts\/8803\/revisions"}],"wp:featuredmedia":[{"embeddable":true,"href":"https:\/\/www.radiopresidenteibanez.cl\/web\/wp-json\/wp\/v2\/media\/8805"}],"wp:attachment":[{"href":"https:\/\/www.radiopresidenteibanez.cl\/web\/wp-json\/wp\/v2\/media?parent=8803"}],"wp:term":[{"taxonomy":"category","embeddable":true,"href":"https:\/\/www.radiopresidenteibanez.cl\/web\/wp-json\/wp\/v2\/categories?post=8803"},{"taxonomy":"post_tag","embeddable":true,"href":"https:\/\/www.radiopresidenteibanez.cl\/web\/wp-json\/wp\/v2\/tags?post=8803"}],"curies":[{"name":"wp","href":"https:\/\/api.w.org\/{rel}","templated":true}]}}