{"id":8798,"date":"2020-01-06T13:11:42","date_gmt":"2020-01-06T13:11:42","guid":{"rendered":"https:\/\/www.radiopresidenteibanez.cl\/web\/?p=8798"},"modified":"2020-01-06T13:11:45","modified_gmt":"2020-01-06T13:11:45","slug":"la-urgencia-de-la-paz-por-ernesto-sepulveda","status":"publish","type":"post","link":"https:\/\/www.radiopresidenteibanez.cl\/web\/la-urgencia-de-la-paz-por-ernesto-sepulveda\/","title":{"rendered":"LA URGENCIA DE LA PAZ por ERNESTO SEPULVEDA"},"content":{"rendered":"\n<p>Cuando parec\u00eda que\nel 2020, iniciaba en medio de&nbsp;auspiciosos&nbsp;sue\u00f1os de esperanza, unas\nim\u00e1genes transmitidas por todo el orbe, nos trasladaron con inusitada\nviolencia, a nuestra realidad. Vivimos en Chile, en los extramuros del primer\nmundo, y sin embargo nos lleg\u00f3 con nitidez el ataque sobre suelo de&nbsp;Ir\u00e1k,\ncon el que el gobierno de Estados Unidos, ejecut\u00f3 a un alto jefe militar. Las\namenazas de represalia o venganza no se hicieron esperar, provocando la alarma\nen ciudadanos estadounidenses y de sus pa\u00edses aliados, los que fueron\nadvertidos&nbsp;&nbsp;del peligro,&nbsp;inst\u00e1ndolos&nbsp;a dejar el pa\u00eds.<\/p>\n\n\n\n<p>La situaci\u00f3n en\nMedio Oriente, ha escalado a niveles que ya se cre\u00eda desterrados. Ir\u00e1n ha\nanunciado que abandona el plan para el desarme nuclear, y en su principal\nmezquita se ha izado una enorme bandera roja. Esta representa\nla&nbsp;sangre&nbsp;ca\u00edda en forma injusta, y un llamado a vengarla.<\/p>\n\n\n\n<p>El mundo de\ninmediato acusa el impacto, con inestabilidad en las bolsas, y aumento del\nprecio del petr\u00f3leo crudo, del cual la zona es una de las mayores reservas del\nplaneta. Como es usual en estas crisis, grandes&nbsp;inversionistas&nbsp;y\nespeculadores financieros se refugian en el oro. Recurso que\nsigue&nbsp;consider\u00e1ndose&nbsp;la inversi\u00f3n mas segura, en casos de guerra.<\/p>\n\n\n\n<p>A quienes rondamos\nlos 50 o m\u00e1s a\u00f1os, estas noticias no nos sorprenden mucho. El Medio Oriente ha\nsido el escenario preferente de las guerras que Estados Unidos ha llevado a\ncabo, en los \u00faltimos decenios del siglo&nbsp;XX&nbsp;y\nen los primeros del siglo&nbsp;XXI. Lo\nque de verdad impacta, es la liviandad con que el recurso b\u00e9lico se usa en la\npol\u00edtica interna de Estados Unidos.&nbsp;Donald&nbsp;Trump&nbsp;no es la\nexcepci\u00f3n. Expuesto a un \u201cImpeachment\u201d, o&nbsp;&nbsp;juicio pol\u00edtico en el\ncongreso, y&nbsp;ad&nbsp;portas de una nueva elecci\u00f3n&nbsp;presidencial. El\nrecurso al patriotismo y a la defensa de la seguridad de \u201cAm\u00e9rica\u201d, es una arma\nimbatible en una campa\u00f1a pol\u00edtica.<\/p>\n\n\n\n<p>Eso es\nlo&nbsp;abismante, para quienes vivimos lejos del primer mundo. Que decisiones\nde los l\u00edderes de las grandes potencias, cambien o amenacen cambiar nuestras\nvidas de forma definitiva. Ya lo vimos en materia medio ambiental, con la\nnegativa de las grandes potencias a&nbsp;comprometerse&nbsp;activamente, en la\nreducci\u00f3n de emisiones de gases de efecto invernadero. La ciencia ha\ndeterminado que no si reducimos la temperatura de la atm\u00f3sfera, nuestra forma\nde vida va a desaparecer del planeta. Nada parece inquietar a los l\u00edderes del\nmundo desarrollado.<\/p>\n\n\n\n<p>&nbsp;Presenciamos&nbsp;una\npel\u00edcula de acci\u00f3n, una producci\u00f3n de bajo presupuesto, con malos actores y\ndeficientes efectos especiales. Nos cuenta una historia de destrucci\u00f3n\nplanetaria, y una muy improbable alternativa de que algunos puedan emigrar a\nplanetas distantes de nuestra galaxia. Adivinen donde estamos nosotros, los\nhabitantes de las tierras mas distantes del mundo desarrollado?, bueno pues,\nviendo a lo lejos como se llena el Arca e inicia su viaje.<\/p>\n\n\n\n<p>Pareciera ser un\npanorama negativo, pesimista. No propio del esp\u00edritu que anima al autor de\nestas l\u00edneas.<\/p>\n\n\n\n<p>La verdad sea\ndicha, sobre lo que est\u00e1 sucediendo en el Medio Oriente, o lo que suceder\u00e1 en\nel congreso de Estados Unidos con el&nbsp;Impeachment, o la\nelecci\u00f3n&nbsp;presidencial, poco tienen que ver, con lo que nosotros podemos\nhacer y decidir.&nbsp;&nbsp;Lo traigo a debate, \u00fanicamente para constatar y resaltar\nuna vez m\u00e1s, la incre\u00edble fragilidad de nuestra existencia. La incre\u00edble\nfragilidad de la vida.&nbsp;&nbsp;Una reflexi\u00f3n que a mi juicio debiera\nllevarnos a abrir ojos y mentes, ante lo que est\u00e1 sucediendo frente a nuestras\npropias narices.<\/p>\n\n\n\n<p>La paz, y la\nconvivencia pac\u00edfica en sociedad, no es argumento o recurso para un sector\npol\u00edtico determinado, debiera ser el&nbsp;Leit&nbsp;motiv, de todos nosotros,\nquienes con nuestras&nbsp;individualidades, nuestras convicciones,\nnuestros&nbsp;sentires, habitamos este territorio.<\/p>\n\n\n\n<p>Los tiempos que\nvivimos, son tiempos de cambios, un cambio de ciclo vital y social, que llevar\u00e1\nmuy&nbsp;probablemente&nbsp;a superar, la forma en que nos hemos organizado\nhasta ahora en sociedad. Pero existen valores, principios y fundamentos, que\nson anteriores y superiores a toda&nbsp;ideolog\u00eda. Ese sustrato \u00e9tico, est\u00e1\npresente en todos nosotros, y por tanto, cualquiera de nosotros, cada uno, o\ntodos en conjunto, podemos y debemos&nbsp;reivindicarlo.<\/p>\n\n\n\n<p>Defender la\ndignidad del ser humano, sus derechos inalienables, nuestro derecho a vivir en\npaz, a construir una sociedad que se sustente en la&nbsp;participaci\u00f3n, en la\nsolidaridad, en el progreso colectivo.<\/p>\n\n\n\n<p>&nbsp;No son s\u00f3lo\nbellas palabras para un discurso,&nbsp;&nbsp;son una tarea. Todos y cada uno de\nnosotros seremos ciudadanos constituyentes. Algunos ser\u00e1n electos para integrar\nla convenci\u00f3n constituyente. Los otros podremos discutir y proponer contenidos,\nque traduzcan en palabras el legado que c\u00f3mo pa\u00eds, queremos dejar para las\nnuevas generaciones.<\/p>\n\n\n\n<p>Ernesto&nbsp;Sep\u00falveda&nbsp;\u2013\nCr\u00f3nicas de la&nbsp;Patagonia<\/p>\n\n\n\n<p>Punta Arenas, Lunes 6 de enero\nde 2020&#8211;<\/p>\n","protected":false},"excerpt":{"rendered":"<p>Cuando parec\u00eda que el 2020, iniciaba en medio de&nbsp;auspiciosos&nbsp;sue\u00f1os de esperanza, unas im\u00e1genes transmitidas por todo el orbe, nos trasladaron con inusitada violencia, a nuestra realidad. Vivimos en Chile, en&#8230; <a class=\"read-more\" href=\"https:\/\/www.radiopresidenteibanez.cl\/web\/la-urgencia-de-la-paz-por-ernesto-sepulveda\/\">Leer m\u00e1s<\/a><\/p>\n","protected":false},"author":2,"featured_media":2310,"comment_status":"closed","ping_status":"closed","sticky":false,"template":"","format":"standard","meta":{"footnotes":""},"categories":[1],"tags":[],"class_list":["post-8798","post","type-post","status-publish","format-standard","has-post-thumbnail","hentry","category-cronica"],"_links":{"self":[{"href":"https:\/\/www.radiopresidenteibanez.cl\/web\/wp-json\/wp\/v2\/posts\/8798","targetHints":{"allow":["GET"]}}],"collection":[{"href":"https:\/\/www.radiopresidenteibanez.cl\/web\/wp-json\/wp\/v2\/posts"}],"about":[{"href":"https:\/\/www.radiopresidenteibanez.cl\/web\/wp-json\/wp\/v2\/types\/post"}],"author":[{"embeddable":true,"href":"https:\/\/www.radiopresidenteibanez.cl\/web\/wp-json\/wp\/v2\/users\/2"}],"replies":[{"embeddable":true,"href":"https:\/\/www.radiopresidenteibanez.cl\/web\/wp-json\/wp\/v2\/comments?post=8798"}],"version-history":[{"count":0,"href":"https:\/\/www.radiopresidenteibanez.cl\/web\/wp-json\/wp\/v2\/posts\/8798\/revisions"}],"wp:featuredmedia":[{"embeddable":true,"href":"https:\/\/www.radiopresidenteibanez.cl\/web\/wp-json\/wp\/v2\/media\/2310"}],"wp:attachment":[{"href":"https:\/\/www.radiopresidenteibanez.cl\/web\/wp-json\/wp\/v2\/media?parent=8798"}],"wp:term":[{"taxonomy":"category","embeddable":true,"href":"https:\/\/www.radiopresidenteibanez.cl\/web\/wp-json\/wp\/v2\/categories?post=8798"},{"taxonomy":"post_tag","embeddable":true,"href":"https:\/\/www.radiopresidenteibanez.cl\/web\/wp-json\/wp\/v2\/tags?post=8798"}],"curies":[{"name":"wp","href":"https:\/\/api.w.org\/{rel}","templated":true}]}}