{"id":8796,"date":"2020-01-06T01:13:41","date_gmt":"2020-01-06T01:13:41","guid":{"rendered":"https:\/\/www.radiopresidenteibanez.cl\/web\/?p=8796"},"modified":"2020-01-06T01:13:47","modified_gmt":"2020-01-06T01:13:47","slug":"reflexiones-vigentes-mensaje-a-la-dc-chilena-retomar-el-sueno-fundacional-por-tolentino-perez-soto","status":"publish","type":"post","link":"https:\/\/www.radiopresidenteibanez.cl\/web\/reflexiones-vigentes-mensaje-a-la-dc-chilena-retomar-el-sueno-fundacional-por-tolentino-perez-soto\/","title":{"rendered":"REFLEXIONES VIGENTES: MENSAJE A LA DC CHILENA \u00a1RETOMAR EL SUE\u00d1O FUNDACIONAL! por TOLENTINO P\u00c9REZ SOTO"},"content":{"rendered":"\n<p>En&nbsp;\nun art\u00edculo reciente reflexion\u00e1bamos sobre la desnaturalizaci\u00f3n val\u00f3rica\nque sufr\u00edan algunos Partidos Pol\u00edticos, desvincul\u00e1ndose&nbsp; de su inspiraci\u00f3n ideol\u00f3gica inicial y&nbsp;&nbsp; -lo m\u00e1s grave- &nbsp;divorci\u00e1ndose de sus compromisos program\u00e1ticos\ncon el pueblo y, en consecuencia, asumiendo como objetivo delirante, el\n\u201catornillarse\u201d en el poder o desviar&nbsp; la\nconfianza que le \u201cprest\u00f3\u201d la ciudadan\u00eda, &nbsp;&nbsp;a intereses personales o grupales.<\/p>\n\n\n\n<p>&nbsp;Llegado el ca\u00f3tico momento &nbsp;de perder el poder&nbsp; por&nbsp;&nbsp;\nabandonar el&nbsp; <strong>\u201csue\u00f1o<\/strong> <strong>fundacional\u201d<\/strong> de\nlos Partidos, el dilema se torna &nbsp;dram\u00e1tico: (1) o se retoma la pasi\u00f3n de\nimpulsar el <strong>bien com\u00fan<\/strong> o (2) fenece\ndefinitivamente la ilusi\u00f3n que otrora sembr\u00f3 la esperanza en millones de ciudadanos.\n<\/p>\n\n\n\n<p>La Democracia Cristiana&nbsp; es un caso particular\u00edsimo. Su patrimonio\nmoral y su servicio a los intereses superiores del pa\u00eds fue testimonio palpable\ny &nbsp;no &nbsp;puede ignorase &nbsp;el hist\u00f3rico logro de haber sido el&nbsp; pilar fundamental de la institucionalidad\ndemocr\u00e1tica de Chile. Y este m\u00e9rito no fue &nbsp;s\u00f3lo porque, objetivamente, registra el t\u00edtulo\nde dirigir 3 per\u00edodos &nbsp;presidenciales\nemblem\u00e1ticos (Frei Montalva, &nbsp;Aylwin&nbsp; Az\u00f3car, Frei Ruiz-Tagle) en momentos &nbsp;trascendentes con resultados exitosos, sino\nporque sus mensajes y acciones apuntaron al <strong>progreso<\/strong>, a la <strong>libertad, <\/strong>a\nla<strong> probidad<\/strong> y a la <strong>convivencia&nbsp;\npac\u00edfica<\/strong> en un pueblo que vivi\u00f3 la tentaci\u00f3n de la confrontaci\u00f3n\npolarizada y violenta. <\/p>\n\n\n\n<p>Por otra parte, su dirigencia&nbsp;&nbsp; -desde el instante mismo de su fundaci\u00f3n- &nbsp;&nbsp;constituy\u00f3&nbsp;\nun elenco moral de primer orden, ejemplo de honestidad y aut\u00e9ntico\ncompromiso&nbsp; con&nbsp; los intereses superiores de la Patria. S\u00f3lo\nrecordar a Frei, Tomic, Vald\u00e9s, Gumucio, Leighton, Castillo Velasco, Walker,\nReyes, Lorca, Pablo, Palma y miles de representantes&nbsp; -p\u00fablicos y an\u00f3nimos- &nbsp;de la Flecha Roja en toda la geograf\u00eda\nchilena,&nbsp; significan&nbsp; -sin ninguna exageraci\u00f3n-&nbsp; una virtuosa&nbsp;\ngaler\u00eda de ciudadanos ejemplares, ap\u00f3stoles de vocaci\u00f3n humanista y\ndemocr\u00e1tica.<\/p>\n\n\n\n<p>Ese es&nbsp; el patrimonio \u00e9tico-pol\u00edtico que representa\nesa gloriosa flecha roja, siempre lanzada al cielo, venciendo las &nbsp;barreras de dificultades que pudiesen&nbsp;&nbsp; presentarse&nbsp;\nen &nbsp;el camino.&nbsp; <\/p>\n\n\n\n<p>Ahora, ante la coyuntura actual, cabe\nuna elemental reflexi\u00f3n: si somos militantes inmersos en la praxis democr\u00e1tica\ny esa praxis nos obliga aceptar las victorias con <strong>grandeza<\/strong> y las derrotas&nbsp; con <strong>respetuoso an\u00e1lisis autocr\u00edtico<\/strong>\u2026 \u00bfqu\u00e9\nhacer con los recientes&nbsp; mensajes de advertencia\nque nos est\u00e1 dando el <strong>soberano<\/strong> &nbsp;chileno?.<\/p>\n\n\n\n<p>En primer lugar, <em>mirar en el retrovisor<\/em>, como una vez&nbsp; le escuch\u00e9 decir al recordado Hermano Bernardo\nLeighton en su acertado lenguaje metaf\u00f3rico, o sea &nbsp;revisar con orgullo el aporte que le ha dado\nla DC a Chile, &nbsp;sin dejar nada <em>bajo la alfombra, <\/em>ni los errores o\nlas&nbsp; desviaciones, calculadas o\ninvoluntarias. Luego, <strong>retomar<\/strong>, <strong>refrescar<\/strong> y <strong>valorar<\/strong> el &nbsp;legado de nuestra\ntrayectoria democr\u00e1tica&nbsp; para impulsar\nacciones de nuevos &nbsp;aportes que a\u00fan&nbsp; sigue reclamando Chile,&nbsp;&nbsp; ahora, desde luego, &nbsp;actualizados a la realidad del pa\u00eds. Finalmente,\nabrir la puerta a las generaciones j\u00f3venes&nbsp;\ncuyo br\u00edo conocimos en la reciente y accidentada campa\u00f1a de Carolina\nGoic.<\/p>\n\n\n\n<p>En definitiva se trata de repotenciar\ny sembrar la fortaleza ideol\u00f3gica que posee el invencible humanismo cristiano e\ninyectar la m\u00edstica creadora que &nbsp;caracteriz\u00f3 a la emblem\u00e1tica <strong>Patria Joven<\/strong> de 1964. !El encuentro\nvictorioso con el futuro depende de consustanciarnos con las&nbsp; ra\u00edces de nuestra esencia fundacional!&#8230;!<strong>ADELANTE\u2026 siempre orgullosos de haber\nliderado el protagonismo de lo mejor que ha tenido nuestro querido Chile!<\/strong>\n<\/p>\n\n\n\n<p><em>(desde\nVenezuela)<\/em><\/p>\n","protected":false},"excerpt":{"rendered":"<p>En&nbsp; un art\u00edculo reciente reflexion\u00e1bamos sobre la desnaturalizaci\u00f3n val\u00f3rica que sufr\u00edan algunos Partidos Pol\u00edticos, desvincul\u00e1ndose&nbsp; de su inspiraci\u00f3n ideol\u00f3gica inicial y&nbsp;&nbsp; -lo m\u00e1s grave- &nbsp;divorci\u00e1ndose de sus compromisos program\u00e1ticos con&#8230; <a class=\"read-more\" href=\"https:\/\/www.radiopresidenteibanez.cl\/web\/reflexiones-vigentes-mensaje-a-la-dc-chilena-retomar-el-sueno-fundacional-por-tolentino-perez-soto\/\">Leer m\u00e1s<\/a><\/p>\n","protected":false},"author":2,"featured_media":740,"comment_status":"closed","ping_status":"closed","sticky":false,"template":"","format":"standard","meta":{"footnotes":""},"categories":[1],"tags":[],"class_list":["post-8796","post","type-post","status-publish","format-standard","has-post-thumbnail","hentry","category-cronica"],"_links":{"self":[{"href":"https:\/\/www.radiopresidenteibanez.cl\/web\/wp-json\/wp\/v2\/posts\/8796","targetHints":{"allow":["GET"]}}],"collection":[{"href":"https:\/\/www.radiopresidenteibanez.cl\/web\/wp-json\/wp\/v2\/posts"}],"about":[{"href":"https:\/\/www.radiopresidenteibanez.cl\/web\/wp-json\/wp\/v2\/types\/post"}],"author":[{"embeddable":true,"href":"https:\/\/www.radiopresidenteibanez.cl\/web\/wp-json\/wp\/v2\/users\/2"}],"replies":[{"embeddable":true,"href":"https:\/\/www.radiopresidenteibanez.cl\/web\/wp-json\/wp\/v2\/comments?post=8796"}],"version-history":[{"count":0,"href":"https:\/\/www.radiopresidenteibanez.cl\/web\/wp-json\/wp\/v2\/posts\/8796\/revisions"}],"wp:featuredmedia":[{"embeddable":true,"href":"https:\/\/www.radiopresidenteibanez.cl\/web\/wp-json\/wp\/v2\/media\/740"}],"wp:attachment":[{"href":"https:\/\/www.radiopresidenteibanez.cl\/web\/wp-json\/wp\/v2\/media?parent=8796"}],"wp:term":[{"taxonomy":"category","embeddable":true,"href":"https:\/\/www.radiopresidenteibanez.cl\/web\/wp-json\/wp\/v2\/categories?post=8796"},{"taxonomy":"post_tag","embeddable":true,"href":"https:\/\/www.radiopresidenteibanez.cl\/web\/wp-json\/wp\/v2\/tags?post=8796"}],"curies":[{"name":"wp","href":"https:\/\/api.w.org\/{rel}","templated":true}]}}