{"id":8793,"date":"2020-01-06T01:09:10","date_gmt":"2020-01-06T01:09:10","guid":{"rendered":"https:\/\/www.radiopresidenteibanez.cl\/web\/?p=8793"},"modified":"2020-01-06T01:09:18","modified_gmt":"2020-01-06T01:09:18","slug":"campamentos-cientificos-escolares-de-explora-inician-este-lunes","status":"publish","type":"post","link":"https:\/\/www.radiopresidenteibanez.cl\/web\/campamentos-cientificos-escolares-de-explora-inician-este-lunes\/","title":{"rendered":"CAMPAMENTOS CIENT\u00cdFICOS ESCOLARES DE EXPLORA INICIAN ESTE LUNES"},"content":{"rendered":"\n<p>Ya est\u00e1\ntodo listo para la tercera versi\u00f3n del Campamento Cient\u00edfico Escolar de Puerto\nNatales, que se iniciar\u00e1 este lunes 6 de enero, desde las 09.00 hasta las 17.00\nhoras en la Escuela Coronel Santiago Bueras, y finalizar\u00e1 el viernes 10. Son\nm\u00e1s de seis talleres donde ni\u00f1os y ni\u00f1as podr\u00e1n aprender sobre microalgas,\nmedicina natural, yoga, entre otros. <\/p>\n\n\n\n<p>La\nactividad organizada por PAR Explora Magallanes y apoyada por la Corporaci\u00f3n\nMunicipal de Puerto Natales, contar\u00e1 con m\u00e1s de 100 participantes de distintas\nlocalidades de \u00daltima Esperanza. <\/p>\n\n\n\n<p>\u201cEstamos\nfelices de tener una nueva versi\u00f3n de este campamento en Puerto Natales. La\nprimera vez comenzamos con cincos talleres y hemos ido aumentando uno por a\u00f1o,\neso la gente de la comuna lo ha agradecido mucho. Le agradecemos por supuesto\nel apoyo a la Cormunat, y tambi\u00e9n a Junaeb y Conaf, que hacen posible esta nueva\nversi\u00f3n\u201d, afirma Claudia Salinas, directora del PAR Explora Magallanes. <\/p>\n\n\n\n<p>Si bien\ntodos los talleres cuentan con salidas a terreno, el d\u00eda jueves los\nparticipantes m\u00e1s grandes visitar\u00e1n el Parque Nacional Torres del Paine,\nmientras que los m\u00e1s peque\u00f1os recorrer\u00e1n el Monumento Natural Cueva del\nMilod\u00f3n. <\/p>\n\n\n\n<p><strong>Campamento en Punta Arenas<\/strong><\/p>\n\n\n\n<p>Por 22\na\u00f1os consecutivos, la capital magall\u00e1nica tendr\u00e1 una nueva edici\u00f3n del\nCampamento Cient\u00edfico Escolar. Este a\u00f1o contar\u00e1 con 20 talleres, distribuidos\nentre la Escuela Villa Las Nieves y la Uiversidad de Magallanes. Se realizar\u00e1\ndel 13 al 17 de enero, entre las 09.00 y las 17.00 horas, y por primera vez se\nhar\u00e1 bajo el alero de Explora como parte del Ministerio de la Ciencia, la\nTecnolog\u00eda, el Conocimiento y la Innovaci\u00f3n. <\/p>\n\n\n\n<p>\u201cTenemos\nhasta el momento m\u00e1s de 400 ni\u00f1os, ni\u00f1as y adolescentes inscritos en el\ncampamento de Punta Arenas. Como es costumbre los talleres de los m\u00e1s peque\u00f1os\nfueron los primeros en completarse, y en solo una hora logramos tener m\u00e1s de\n250 inscripciones el primer dia. Pese a que ya cerramos la convocatoria a\u00fan\nquedan cupos disponibles para los m\u00e1s grandes\u201d, explic\u00f3 Hermann Reiher,\ncoordinador ejecutivo del PAR Explora Magallanes. <\/p>\n\n\n\n<p>Los\ncupos disponibles corresponden a talleres para participantes entre 11 y 17\na\u00f1os. Los interesados&nbsp; pueden acercarse e\ninscribirse directamente este lunes 6 de enero en el edificio de Documentaci\u00f3n,\nubicado en el Instituto de la Patagonia, de 11.00 a 14.00 horas. El valor es de\n$10.000 para alumnos y alumnas de establecimientos educacionales municipales, y\n$20.000 para privados (incluye alimentaci\u00f3n, materiales y salidas a terreno). \n\nPara m\u00e1s informaci\u00f3n pueden visitar el sitio web\n<a href=\"http:\/\/www.explora.cl\/magallanes\">www.explora.cl\/magallanes<\/a><\/p>\n","protected":false},"excerpt":{"rendered":"<p>Ya est\u00e1 todo listo para la tercera versi\u00f3n del Campamento Cient\u00edfico Escolar de Puerto Natales, que se iniciar\u00e1 este lunes 6 de enero, desde las 09.00 hasta las 17.00 horas&#8230; <a class=\"read-more\" href=\"https:\/\/www.radiopresidenteibanez.cl\/web\/campamentos-cientificos-escolares-de-explora-inician-este-lunes\/\">Leer m\u00e1s<\/a><\/p>\n","protected":false},"author":2,"featured_media":8794,"comment_status":"closed","ping_status":"closed","sticky":false,"template":"","format":"standard","meta":{"footnotes":""},"categories":[1],"tags":[],"class_list":["post-8793","post","type-post","status-publish","format-standard","has-post-thumbnail","hentry","category-cronica"],"_links":{"self":[{"href":"https:\/\/www.radiopresidenteibanez.cl\/web\/wp-json\/wp\/v2\/posts\/8793","targetHints":{"allow":["GET"]}}],"collection":[{"href":"https:\/\/www.radiopresidenteibanez.cl\/web\/wp-json\/wp\/v2\/posts"}],"about":[{"href":"https:\/\/www.radiopresidenteibanez.cl\/web\/wp-json\/wp\/v2\/types\/post"}],"author":[{"embeddable":true,"href":"https:\/\/www.radiopresidenteibanez.cl\/web\/wp-json\/wp\/v2\/users\/2"}],"replies":[{"embeddable":true,"href":"https:\/\/www.radiopresidenteibanez.cl\/web\/wp-json\/wp\/v2\/comments?post=8793"}],"version-history":[{"count":0,"href":"https:\/\/www.radiopresidenteibanez.cl\/web\/wp-json\/wp\/v2\/posts\/8793\/revisions"}],"wp:featuredmedia":[{"embeddable":true,"href":"https:\/\/www.radiopresidenteibanez.cl\/web\/wp-json\/wp\/v2\/media\/8794"}],"wp:attachment":[{"href":"https:\/\/www.radiopresidenteibanez.cl\/web\/wp-json\/wp\/v2\/media?parent=8793"}],"wp:term":[{"taxonomy":"category","embeddable":true,"href":"https:\/\/www.radiopresidenteibanez.cl\/web\/wp-json\/wp\/v2\/categories?post=8793"},{"taxonomy":"post_tag","embeddable":true,"href":"https:\/\/www.radiopresidenteibanez.cl\/web\/wp-json\/wp\/v2\/tags?post=8793"}],"curies":[{"name":"wp","href":"https:\/\/api.w.org\/{rel}","templated":true}]}}