{"id":8790,"date":"2020-01-06T01:05:07","date_gmt":"2020-01-06T01:05:07","guid":{"rendered":"https:\/\/www.radiopresidenteibanez.cl\/web\/?p=8790"},"modified":"2020-01-06T01:05:12","modified_gmt":"2020-01-06T01:05:12","slug":"las-actividades-de-verano-que-realizara-el-mindep-e-ind-en-magallanes","status":"publish","type":"post","link":"https:\/\/www.radiopresidenteibanez.cl\/web\/las-actividades-de-verano-que-realizara-el-mindep-e-ind-en-magallanes\/","title":{"rendered":"LAS ACTIVIDADES DE VERANO QUE REALIZAR\u00c1 EL MINDEP E IND EN MAGALLANES"},"content":{"rendered":"\n<p>Tras un exitoso 2019 con cifra r\u00e9cord de beneficiarios, la Seremi del\nDeporte de Magallanes y la Ant\u00e1rtica Chilena y la direcci\u00f3n regional del\nInstituto Nacional de Deportes comenzar\u00e1n el 2020 con m\u00faltiples actividades\npara promover la pr\u00e1ctica de actividad f\u00edsica y deporte durante las vacaciones\nde verano. <\/p>\n\n\n\n<p>Con la consigna de incentivar un verano activo, el Mindep e IND ofrecer\u00e1 26\ntalleres gratuitos en Magallanes, los que se iniciar\u00e1n el 6 de enero y donde\ndestacan clases de nataci\u00f3n, aqua zumba, body combat, yoga, pilates, v\u00f3leibol,\ny acondicionamiento f\u00edsico. <\/p>\n\n\n\n<p>Para la inscripci\u00f3n en estas actividades, los interesados deben acercarse\ndirectamente al taller que sea de su inter\u00e9s en el horario y lugar se\u00f1alado\npara anotarse con el profesor a cargo. <\/p>\n\n\n\n<p>\u201cA diferencia de otros a\u00f1os, este 2020 partimos antes los talleres del\nprograma Deporte de Participaci\u00f3n Social. Queremos potenciar la idea del verano\nactivo, por lo que tenemos planificadas diversas actividades para incentivar la\npr\u00e1ctica de actividad f\u00edsica y deporte. Por lo mismo, los invitamos a enterarse\nde todos los detalles en nuestra p\u00e1gina de Facebook Mindep Magallanes, donde\nencontrar\u00e1n horarios y lugares de los talleres\u201d, se\u00f1al\u00f3 la Seremi del Deporte\nde Magallanes y la Ant\u00e1rtica Chilena, Odette Callahan. <\/p>\n\n\n\n<p>En tanto, el director regional del IND, Klauss. Marowski, manifest\u00f3 que\n\u201cestamos muy contentos con los n\u00fameros del 2019 y este a\u00f1o queremos mejorar a\u00fan\nm\u00e1s, por lo que es sumamente importante partir el a\u00f1o con muchas actividades y\nas\u00ed generar el h\u00e1bito de pr\u00e1ctica deportiva cuando reci\u00e9n comienza el a\u00f1o. <\/p>\n\n\n\n<p>Adem\u00e1s, durante la primera quincena de enero, se realizar\u00e1n dos encuentros\ndeportivos familiares destinados a ni\u00f1os de 4 a 12 a\u00f1os, los que contar\u00e1n con\ndistintos juegos inflables y se llevar\u00e1n a cabo el 8 y 15 de enero desde las\n16:00 a 18:00 en el Gimnasio Fiscal, y dos parques acu\u00e1ticos en la piscina Fiscal\nde Punta Arenas, a realizarse el 10 y 17 del mismo mes.<\/p>\n","protected":false},"excerpt":{"rendered":"<p>Tras un exitoso 2019 con cifra r\u00e9cord de beneficiarios, la Seremi del Deporte de Magallanes y la Ant\u00e1rtica Chilena y la direcci\u00f3n regional del Instituto Nacional de Deportes comenzar\u00e1n el&#8230; <a class=\"read-more\" href=\"https:\/\/www.radiopresidenteibanez.cl\/web\/las-actividades-de-verano-que-realizara-el-mindep-e-ind-en-magallanes\/\">Leer m\u00e1s<\/a><\/p>\n","protected":false},"author":2,"featured_media":8791,"comment_status":"closed","ping_status":"closed","sticky":false,"template":"","format":"standard","meta":{"footnotes":""},"categories":[1],"tags":[],"class_list":["post-8790","post","type-post","status-publish","format-standard","has-post-thumbnail","hentry","category-cronica"],"_links":{"self":[{"href":"https:\/\/www.radiopresidenteibanez.cl\/web\/wp-json\/wp\/v2\/posts\/8790","targetHints":{"allow":["GET"]}}],"collection":[{"href":"https:\/\/www.radiopresidenteibanez.cl\/web\/wp-json\/wp\/v2\/posts"}],"about":[{"href":"https:\/\/www.radiopresidenteibanez.cl\/web\/wp-json\/wp\/v2\/types\/post"}],"author":[{"embeddable":true,"href":"https:\/\/www.radiopresidenteibanez.cl\/web\/wp-json\/wp\/v2\/users\/2"}],"replies":[{"embeddable":true,"href":"https:\/\/www.radiopresidenteibanez.cl\/web\/wp-json\/wp\/v2\/comments?post=8790"}],"version-history":[{"count":0,"href":"https:\/\/www.radiopresidenteibanez.cl\/web\/wp-json\/wp\/v2\/posts\/8790\/revisions"}],"wp:featuredmedia":[{"embeddable":true,"href":"https:\/\/www.radiopresidenteibanez.cl\/web\/wp-json\/wp\/v2\/media\/8791"}],"wp:attachment":[{"href":"https:\/\/www.radiopresidenteibanez.cl\/web\/wp-json\/wp\/v2\/media?parent=8790"}],"wp:term":[{"taxonomy":"category","embeddable":true,"href":"https:\/\/www.radiopresidenteibanez.cl\/web\/wp-json\/wp\/v2\/categories?post=8790"},{"taxonomy":"post_tag","embeddable":true,"href":"https:\/\/www.radiopresidenteibanez.cl\/web\/wp-json\/wp\/v2\/tags?post=8790"}],"curies":[{"name":"wp","href":"https:\/\/api.w.org\/{rel}","templated":true}]}}