{"id":8787,"date":"2020-01-06T01:00:54","date_gmt":"2020-01-06T01:00:54","guid":{"rendered":"https:\/\/www.radiopresidenteibanez.cl\/web\/?p=8787"},"modified":"2020-01-06T01:01:04","modified_gmt":"2020-01-06T01:01:04","slug":"buque-escuela-esmeralda-finalizo-su-64-crucero-de-instruccion","status":"publish","type":"post","link":"https:\/\/www.radiopresidenteibanez.cl\/web\/buque-escuela-esmeralda-finalizo-su-64-crucero-de-instruccion\/","title":{"rendered":"BUQUE ESCUELA \u201cESMERALDA\u201d FINALIZ\u00d3 SU 64\u00b0 CRUCERO DE INSTRUCCI\u00d3N"},"content":{"rendered":"\n<p>Cerca del mediod\u00eda de este domingo 5 de enero recal\u00f3 a su puerto base, en Valpara\u00edso, el Buque Escuela \u201cEsmeralda\u201d, luego de haber estado durante 210 d\u00edas navegando. Es por ello, que desde muy temprano familiares y amigos llegaron al Sitio 1 del Terminal Pac\u00edfico Sur con pancartas y globos para recibir a sus seres queridos que son parte de la dotaci\u00f3n de la Unidad.<\/p>\n\n\n\n<p>En la ciudad puerto, la \u201cDama Blanca\u201d fue recibida por los pitos y sirenas de las naves surtas en la bah\u00eda, las cuales de esa forma le dieron la bienvenida. En su rol de embajadora flotante durante la traves\u00eda, la Unidad apoy\u00f3 a la pol\u00edtica exterior del pa\u00eds y, adem\u00e1s, contribuy\u00f3 a fomentar la conciencia ecol\u00f3gica implementando un plan de manejo de basura y reciclaje a bordo. Para ello, almacenaron el aceite de cocina utilizado y se lo entregar\u00e1n a una empresa de reciclaje del pa\u00eds; hicieron lo propio con las colillas de cigarrillo y controlaron la cantidad de envases pl\u00e1sticos. Asimismo, llevaron 4.000 bolsas reutilizables y efectuaron una limpieza de playa en Bali, la que fue bastante exitosa al recolectar 440 kilos de basura.<\/p>\n\n\n\n<p>Haciendo un balance de lo que fue crucero de instrucci\u00f3n, el Comandante del Buque, Capit\u00e1n de Nav\u00edo Claudio Maldonado se\u00f1al\u00f3 que \u201cdespu\u00e9s de una traves\u00eda de siete meses tuvimos la oportunidad de formar a nuestros futuros marinos y entregarlos hechos y derechos al servicio de la instituci\u00f3n. Visitamos 10 pa\u00edses y 11 puertos, volviendo a Valpara\u00edso con toda nuestra gente y sin haber tenido que lamentar ning\u00fan accidente,&nbsp;&nbsp;con la satisfacci\u00f3n del deber cumplido\u201d.&nbsp;<\/p>\n\n\n\n<p>Este a\u00f1o, la dotaci\u00f3n estuvo compuesta por 276 tripulantes, de los cuales 66 son Guardiamarinas, 36 Marineros, 22 Oficiales extranjeros invitados (Argentina, Brasil, Colombia, Ecuador, EE.UU., Portugal, Espa\u00f1a, Nueva Zelanda, Reino Unido, Canad\u00e1 y M\u00e9xico) y 4 nacionales pertenecientes a las otras ramas de las Fuerzas Armadas, de Orden y Seguridad P\u00fablica.<\/p>\n\n\n\n<p>Entre ellos, el Segundo Teniente Flavio Giro de Oliveira Filhio, de la Armada de Brasil, quien agradece a la Armada de Chile \u201cla posibilidad de conocer otros pa\u00edses y culturas. Fue una oportunidad distinta tambi\u00e9n de conocer un poco m\u00e1s de Chile y su Armada y estrechar los lazos de camarader\u00eda. Estar fuera de mi pa\u00eds los \u00faltimos siete meses fue dif\u00edcil pero vali\u00f3 mucho la pena\u201d.<\/p>\n\n\n\n<p>La Marinero 1\u00b0 Denisse Bravo es una de los 33 marineros en instrucci\u00f3n, quien se\u00f1al\u00f3 que \u201cme siento muy feliz de volver a puerto base y orgullosa de haber participado en este crucero de instrucci\u00f3n.&nbsp;&nbsp;Viv\u00ed momentos geniales tanto en los puertos extranjeros como a bordo, y me llevo experiencias marineras que me van a servir para el resto de mi carrera naval\u201d.<\/p>\n\n\n\n<p>Mientras, para el Subteniente Franco Davagnino, uno de los 66 subtenientes (guardiamarinas durante 2019) en instrucci\u00f3n a bordo del buque escuela \u201cEsmeralda\u201d, \u201ces un honor haber pertenecido a esta dotaci\u00f3n y haber conocido el trabajo y la vida del hombre de mar, saber trabajar en equipo de las maniobras veleras y enfrentarse a la inmensidad del oc\u00e9ano. Siempre es gratificante saber que uno representa a la Armada y a su pa\u00eds en el extranjero de la mejor manera posible\u201d.<\/p>\n","protected":false},"excerpt":{"rendered":"<p>Cerca del mediod\u00eda de este domingo 5 de enero recal\u00f3 a su puerto base, en Valpara\u00edso, el Buque Escuela \u201cEsmeralda\u201d, luego de haber estado durante 210 d\u00edas navegando. Es por&#8230; <a class=\"read-more\" href=\"https:\/\/www.radiopresidenteibanez.cl\/web\/buque-escuela-esmeralda-finalizo-su-64-crucero-de-instruccion\/\">Leer m\u00e1s<\/a><\/p>\n","protected":false},"author":2,"featured_media":8788,"comment_status":"closed","ping_status":"closed","sticky":false,"template":"","format":"standard","meta":{"footnotes":""},"categories":[1],"tags":[],"class_list":["post-8787","post","type-post","status-publish","format-standard","has-post-thumbnail","hentry","category-cronica"],"_links":{"self":[{"href":"https:\/\/www.radiopresidenteibanez.cl\/web\/wp-json\/wp\/v2\/posts\/8787","targetHints":{"allow":["GET"]}}],"collection":[{"href":"https:\/\/www.radiopresidenteibanez.cl\/web\/wp-json\/wp\/v2\/posts"}],"about":[{"href":"https:\/\/www.radiopresidenteibanez.cl\/web\/wp-json\/wp\/v2\/types\/post"}],"author":[{"embeddable":true,"href":"https:\/\/www.radiopresidenteibanez.cl\/web\/wp-json\/wp\/v2\/users\/2"}],"replies":[{"embeddable":true,"href":"https:\/\/www.radiopresidenteibanez.cl\/web\/wp-json\/wp\/v2\/comments?post=8787"}],"version-history":[{"count":0,"href":"https:\/\/www.radiopresidenteibanez.cl\/web\/wp-json\/wp\/v2\/posts\/8787\/revisions"}],"wp:featuredmedia":[{"embeddable":true,"href":"https:\/\/www.radiopresidenteibanez.cl\/web\/wp-json\/wp\/v2\/media\/8788"}],"wp:attachment":[{"href":"https:\/\/www.radiopresidenteibanez.cl\/web\/wp-json\/wp\/v2\/media?parent=8787"}],"wp:term":[{"taxonomy":"category","embeddable":true,"href":"https:\/\/www.radiopresidenteibanez.cl\/web\/wp-json\/wp\/v2\/categories?post=8787"},{"taxonomy":"post_tag","embeddable":true,"href":"https:\/\/www.radiopresidenteibanez.cl\/web\/wp-json\/wp\/v2\/tags?post=8787"}],"curies":[{"name":"wp","href":"https:\/\/api.w.org\/{rel}","templated":true}]}}