{"id":8781,"date":"2020-01-02T16:11:08","date_gmt":"2020-01-02T16:11:08","guid":{"rendered":"https:\/\/www.radiopresidenteibanez.cl\/web\/?p=8781"},"modified":"2020-01-02T16:11:12","modified_gmt":"2020-01-02T16:11:12","slug":"mas-de-500-personas-llegaron-hasta-el-cementerio-municipal-en-la-vispera-del-ano-2020","status":"publish","type":"post","link":"https:\/\/www.radiopresidenteibanez.cl\/web\/mas-de-500-personas-llegaron-hasta-el-cementerio-municipal-en-la-vispera-del-ano-2020\/","title":{"rendered":"M\u00c1S DE 500 PERSONAS LLEGARON HASTA EL CEMENTERIO MUNICIPAL EN LA V\u00cdSPERA DEL A\u00d1O 2020"},"content":{"rendered":"\n<p>El \u00faltimo d\u00eda del a\u00f1o 2019, no es igual para todos. Es as\u00ed como desde las 23 horas, cientos de puntarenenses llegaron hasta el Cementerio Municipal para esperar la llegada del 2020 junto a sus seres queridos y familiares que ya no est\u00e1n.<\/p>\n\n\n\n<p>\u201cMuchos vecinos pasan el A\u00f1o Nuevo en nuestro cementerio junto a sus seres queridos, por lo que siempre ser\u00e1n bienvenidos. Debido a eso, decidimos mantener esta tradici\u00f3n, pero con mayor resguardo y seguridad\u201d, explic\u00f3 el alcalde Claudio Radonich, quien lleg\u00f3 hasta el camposanto para recibirlos.<\/p>\n\n\n\n<p>Otra informaci\u00f3n entregada por Radonich, fue la implementaci\u00f3n de las C\u00e1maras de Vigilancia del recinto, las cuales se encuentran completamente operativas, lo que se suma al reforzamiento de la seguridad mediante guardias de seguridad.<\/p>\n\n\n\n<p>\u201cEl Cementerio hoy cuenta con un nuevo est\u00e1ndar de seguridad, con el fin de resguardar un lugar patrimonial que nos pertenece a todos\u201d, reiter\u00f3 la autoridad comunal.<\/p>\n\n\n\n<p>Finalmente, se dispusieron cuadrillas especiales para la limpieza del lugar, el que recibe miles de visitantes el primer d\u00eda de cada nuevo a\u00f1o.<br><\/p>\n","protected":false},"excerpt":{"rendered":"<p>El \u00faltimo d\u00eda del a\u00f1o 2019, no es igual para todos. Es as\u00ed como desde las 23 horas, cientos de puntarenenses llegaron hasta el Cementerio Municipal para esperar la llegada&#8230; <a class=\"read-more\" href=\"https:\/\/www.radiopresidenteibanez.cl\/web\/mas-de-500-personas-llegaron-hasta-el-cementerio-municipal-en-la-vispera-del-ano-2020\/\">Leer m\u00e1s<\/a><\/p>\n","protected":false},"author":2,"featured_media":8782,"comment_status":"closed","ping_status":"closed","sticky":false,"template":"","format":"standard","meta":{"footnotes":""},"categories":[1],"tags":[],"class_list":["post-8781","post","type-post","status-publish","format-standard","has-post-thumbnail","hentry","category-cronica"],"_links":{"self":[{"href":"https:\/\/www.radiopresidenteibanez.cl\/web\/wp-json\/wp\/v2\/posts\/8781","targetHints":{"allow":["GET"]}}],"collection":[{"href":"https:\/\/www.radiopresidenteibanez.cl\/web\/wp-json\/wp\/v2\/posts"}],"about":[{"href":"https:\/\/www.radiopresidenteibanez.cl\/web\/wp-json\/wp\/v2\/types\/post"}],"author":[{"embeddable":true,"href":"https:\/\/www.radiopresidenteibanez.cl\/web\/wp-json\/wp\/v2\/users\/2"}],"replies":[{"embeddable":true,"href":"https:\/\/www.radiopresidenteibanez.cl\/web\/wp-json\/wp\/v2\/comments?post=8781"}],"version-history":[{"count":0,"href":"https:\/\/www.radiopresidenteibanez.cl\/web\/wp-json\/wp\/v2\/posts\/8781\/revisions"}],"wp:featuredmedia":[{"embeddable":true,"href":"https:\/\/www.radiopresidenteibanez.cl\/web\/wp-json\/wp\/v2\/media\/8782"}],"wp:attachment":[{"href":"https:\/\/www.radiopresidenteibanez.cl\/web\/wp-json\/wp\/v2\/media?parent=8781"}],"wp:term":[{"taxonomy":"category","embeddable":true,"href":"https:\/\/www.radiopresidenteibanez.cl\/web\/wp-json\/wp\/v2\/categories?post=8781"},{"taxonomy":"post_tag","embeddable":true,"href":"https:\/\/www.radiopresidenteibanez.cl\/web\/wp-json\/wp\/v2\/tags?post=8781"}],"curies":[{"name":"wp","href":"https:\/\/api.w.org\/{rel}","templated":true}]}}