{"id":8778,"date":"2020-01-02T16:08:38","date_gmt":"2020-01-02T16:08:38","guid":{"rendered":"https:\/\/www.radiopresidenteibanez.cl\/web\/?p=8778"},"modified":"2020-01-02T16:08:42","modified_gmt":"2020-01-02T16:08:42","slug":"municipio-busca-renovar-historico-parque-don-bosco-de-punta-arenas","status":"publish","type":"post","link":"https:\/\/www.radiopresidenteibanez.cl\/web\/municipio-busca-renovar-historico-parque-don-bosco-de-punta-arenas\/","title":{"rendered":"MUNICIPIO BUSCA RENOVAR HIST\u00d3RICO PARQUE DON BOSCO DE PUNTA ARENAS"},"content":{"rendered":"\n<p>Con el af\u00e1n de rescatar un lugar emblem\u00e1tico e hist\u00f3rico, la Municipalidad de Punta Arenas, est\u00e1 en medio del proceso para obtener el financiamiento que permitir\u00e1 mejorar y repotenciar el Parque Don Bosco de nuestra ciudad, ubicado en el lado norte de la comuna.<\/p>\n\n\n\n<p>\u201cDurante a\u00f1os, este lugar no ha tenido ning\u00fan tipo de mantenci\u00f3n, por lo que estamos presentando este proyecto al Consejo Regional que impulsa un Nuevo Parque que integra la conservaci\u00f3n con la implementaci\u00f3n de nuevos espacios p\u00fablicos\u201d, explic\u00f3 el alcalde Claudio Radonich.<\/p>\n\n\n\n<p>A ello agreg\u00f3 que \u201ceste es un lugar muy bonito y usado, pero con espacios fuera de norma, raz\u00f3n por la cual queremos que tenga una cancha con pasto sint\u00e9tico, un lugar especial para perros, juegos para ni\u00f1os, etc\u00e9tera y que pueda conservarse por muchos a\u00f1os m\u00e1s\u201d.<\/p>\n\n\n\n<p>Es as\u00ed como el Parque Don Bosco podr\u00eda convertirse en el Primer Parque Canino de Punta Arenas, conservando sus t\u00edpicos espacios, pero agregando otros que brinden mayor seguridad y entretenci\u00f3n para todos los vecinos de la ciudad.<\/p>\n\n\n\n<p>\u201cLa iniciativa adem\u00e1s, busca mejorar la infraestructura propia del Parque, con un nuevo Cierre Perimetral, un Parque Canino con juegos de entretenci\u00f3n y entrenamiento para Perros, Juegos de Inclusi\u00f3n, mayor Iluminaci\u00f3n, Funcionalidad y Accesibilidad\u201d, explic\u00f3 Rodrigo Santana, profesional de la Direcci\u00f3n de Aseo y Ornato, uno de los impulsores del proyecto.<\/p>\n\n\n\n<p>En ese sentido, Santana dijo que \u201cesperamos obtener lo antes posible los recursos por parte del CORE, el cual ya cuenta con Recomendaci\u00f3n Social (RS) por parte del Ministerio de Desarrollo Social, lo que implica un avance sustancial en la presentaci\u00f3n de la iniciativa Municipal\u201d. La inversi\u00f3n total calculada para todo el proyecto es de $681.338.952.-<\/p>\n\n\n\n<p>Finalmente, la primera autoridad comunal a\u00f1adi\u00f3 que \u201cojal\u00e1 podamos decir que este a\u00f1o 2020, vamos a tener un nuevo Parque Don Bosco\u201d.<br><\/p>\n","protected":false},"excerpt":{"rendered":"<p>Con el af\u00e1n de rescatar un lugar emblem\u00e1tico e hist\u00f3rico, la Municipalidad de Punta Arenas, est\u00e1 en medio del proceso para obtener el financiamiento que permitir\u00e1 mejorar y repotenciar el&#8230; <a class=\"read-more\" href=\"https:\/\/www.radiopresidenteibanez.cl\/web\/municipio-busca-renovar-historico-parque-don-bosco-de-punta-arenas\/\">Leer m\u00e1s<\/a><\/p>\n","protected":false},"author":2,"featured_media":8779,"comment_status":"closed","ping_status":"closed","sticky":false,"template":"","format":"standard","meta":{"footnotes":""},"categories":[1],"tags":[],"class_list":["post-8778","post","type-post","status-publish","format-standard","has-post-thumbnail","hentry","category-cronica"],"_links":{"self":[{"href":"https:\/\/www.radiopresidenteibanez.cl\/web\/wp-json\/wp\/v2\/posts\/8778","targetHints":{"allow":["GET"]}}],"collection":[{"href":"https:\/\/www.radiopresidenteibanez.cl\/web\/wp-json\/wp\/v2\/posts"}],"about":[{"href":"https:\/\/www.radiopresidenteibanez.cl\/web\/wp-json\/wp\/v2\/types\/post"}],"author":[{"embeddable":true,"href":"https:\/\/www.radiopresidenteibanez.cl\/web\/wp-json\/wp\/v2\/users\/2"}],"replies":[{"embeddable":true,"href":"https:\/\/www.radiopresidenteibanez.cl\/web\/wp-json\/wp\/v2\/comments?post=8778"}],"version-history":[{"count":0,"href":"https:\/\/www.radiopresidenteibanez.cl\/web\/wp-json\/wp\/v2\/posts\/8778\/revisions"}],"wp:featuredmedia":[{"embeddable":true,"href":"https:\/\/www.radiopresidenteibanez.cl\/web\/wp-json\/wp\/v2\/media\/8779"}],"wp:attachment":[{"href":"https:\/\/www.radiopresidenteibanez.cl\/web\/wp-json\/wp\/v2\/media?parent=8778"}],"wp:term":[{"taxonomy":"category","embeddable":true,"href":"https:\/\/www.radiopresidenteibanez.cl\/web\/wp-json\/wp\/v2\/categories?post=8778"},{"taxonomy":"post_tag","embeddable":true,"href":"https:\/\/www.radiopresidenteibanez.cl\/web\/wp-json\/wp\/v2\/tags?post=8778"}],"curies":[{"name":"wp","href":"https:\/\/api.w.org\/{rel}","templated":true}]}}