{"id":8776,"date":"2020-01-02T16:04:53","date_gmt":"2020-01-02T16:04:53","guid":{"rendered":"https:\/\/www.radiopresidenteibanez.cl\/web\/?p=8776"},"modified":"2020-01-02T16:04:56","modified_gmt":"2020-01-02T16:04:56","slug":"desocupacion-en-magallanes-desciende-levemente-quedando-en-3-3","status":"publish","type":"post","link":"https:\/\/www.radiopresidenteibanez.cl\/web\/desocupacion-en-magallanes-desciende-levemente-quedando-en-3-3\/","title":{"rendered":"DESOCUPACI\u00d3N EN MAGALLANES DESCIENDE LEVEMENTE QUEDANDO EN 3.3%"},"content":{"rendered":"\n<p>Un retroceso\nexperiment\u00f3 la tasa de desocupaci\u00f3n en el \u00faltimo trimestre m\u00f3vil, de un 4.0%\nregistrado en los meses de agosto a octubre, a un 3.3% seg\u00fan el per\u00edodo que\ncomprende los meses de septiembre a noviembre reci\u00e9n pasados, de acuerdo al\n\u00faltimo informe de empleo del Instituto Nacional de Estad\u00edsticas (Ine)\nMagallanes.<\/p>\n\n\n\n<p>As\u00ed lo\nse\u00f1al\u00f3 el Seremi (s) del Trabajo, Marcelo Trivi\u00f1o \u00c1lvarez, quien expres\u00f3 que,\nsi bien hubo un alza del desempleo en relaci\u00f3n con el a\u00f1o 2018, esta\ndisminuci\u00f3n registrada entre los dos \u00faltimos trimestres \u201cnos deja un poco m\u00e1s\ntranquilos, dado que, por la contingencia y las situaciones que hemos tenido en\nla regi\u00f3n, esper\u00e1bamos un alza en el desempleo respecto al trimestre\ninmediatamente anterior, lo cual no ocurri\u00f3, lo que significa que hemos podido\nmantener una econom\u00eda regional relativamente estable en estos \u00faltimos meses\u201d.<\/p>\n\n\n\n<p>Seg\u00fan\ncoment\u00f3 la autoridad, si bien hubo una baja cercana a los 1.400 ocupados en\nrelaci\u00f3n con el a\u00f1o pasado, la cantidad de trabajadores aument\u00f3 respecto de los\n\u00faltimos tres meses, quedando en un total de casi 87 mil ocupados y una fuerza\nlaboral cercana a las 90 mil personas en Magallanes.<\/p>\n\n\n\n<p>Asimismo,\ninform\u00f3 Trivi\u00f1o, \u201cla buena noticia es que nuevamente hubo un retroceso en los\ntrabajadores informales, por lo cual, hoy d\u00eda la tasa de informalidad regional\nes del orden de un 17%, lo que se traduce en un total de 15 mil trabajadores\ninformales, lo cual es una noticia positiva, considerando que tuvimos a m\u00e1s de\n19 mil personas en la informalidad y esta cifra contin\u00faa retrocediendo\u201d.<\/p>\n\n\n\n<p>Seg\u00fan el\nbolet\u00edn de empleo, los rubros que influyeron en el descenso de los ocupados\ndurante estos meses fueron: Ense\u00f1anza, Turismo y Comercio, mientras que los\nmayores aumentos estuvieron en los sectores de Industria Manufacturera,\nTransporte y Construcci\u00f3n.<\/p>\n\n\n\n<p>A nivel\nnacional, la cifra de desempleo aument\u00f3 levemente de un 6.8% a un 6.9% en los\n\u00faltimos doce meses, donde nuevamente, la regi\u00f3n de Magallanes qued\u00f3 entre las\ndos regiones con menor \u00edndice de desempleo en el pa\u00eds.<\/p>\n","protected":false},"excerpt":{"rendered":"<p>Un retroceso experiment\u00f3 la tasa de desocupaci\u00f3n en el \u00faltimo trimestre m\u00f3vil, de un 4.0% registrado en los meses de agosto a octubre, a un 3.3% seg\u00fan el per\u00edodo que&#8230; <a class=\"read-more\" href=\"https:\/\/www.radiopresidenteibanez.cl\/web\/desocupacion-en-magallanes-desciende-levemente-quedando-en-3-3\/\">Leer m\u00e1s<\/a><\/p>\n","protected":false},"author":2,"featured_media":8737,"comment_status":"closed","ping_status":"closed","sticky":false,"template":"","format":"standard","meta":{"footnotes":""},"categories":[1],"tags":[],"class_list":["post-8776","post","type-post","status-publish","format-standard","has-post-thumbnail","hentry","category-cronica"],"_links":{"self":[{"href":"https:\/\/www.radiopresidenteibanez.cl\/web\/wp-json\/wp\/v2\/posts\/8776","targetHints":{"allow":["GET"]}}],"collection":[{"href":"https:\/\/www.radiopresidenteibanez.cl\/web\/wp-json\/wp\/v2\/posts"}],"about":[{"href":"https:\/\/www.radiopresidenteibanez.cl\/web\/wp-json\/wp\/v2\/types\/post"}],"author":[{"embeddable":true,"href":"https:\/\/www.radiopresidenteibanez.cl\/web\/wp-json\/wp\/v2\/users\/2"}],"replies":[{"embeddable":true,"href":"https:\/\/www.radiopresidenteibanez.cl\/web\/wp-json\/wp\/v2\/comments?post=8776"}],"version-history":[{"count":0,"href":"https:\/\/www.radiopresidenteibanez.cl\/web\/wp-json\/wp\/v2\/posts\/8776\/revisions"}],"wp:featuredmedia":[{"embeddable":true,"href":"https:\/\/www.radiopresidenteibanez.cl\/web\/wp-json\/wp\/v2\/media\/8737"}],"wp:attachment":[{"href":"https:\/\/www.radiopresidenteibanez.cl\/web\/wp-json\/wp\/v2\/media?parent=8776"}],"wp:term":[{"taxonomy":"category","embeddable":true,"href":"https:\/\/www.radiopresidenteibanez.cl\/web\/wp-json\/wp\/v2\/categories?post=8776"},{"taxonomy":"post_tag","embeddable":true,"href":"https:\/\/www.radiopresidenteibanez.cl\/web\/wp-json\/wp\/v2\/tags?post=8776"}],"curies":[{"name":"wp","href":"https:\/\/api.w.org\/{rel}","templated":true}]}}