{"id":8773,"date":"2020-01-02T16:01:44","date_gmt":"2020-01-02T16:01:44","guid":{"rendered":"https:\/\/www.radiopresidenteibanez.cl\/web\/?p=8773"},"modified":"2020-01-02T16:01:48","modified_gmt":"2020-01-02T16:01:48","slug":"colonias-de-verano-municipal-abre-sus-inscripciones-este-2-enero","status":"publish","type":"post","link":"https:\/\/www.radiopresidenteibanez.cl\/web\/colonias-de-verano-municipal-abre-sus-inscripciones-este-2-enero\/","title":{"rendered":"COLONIAS DE VERANO MUNICIPAL ABRE SUS INSCRIPCIONES ESTE 2 ENERO"},"content":{"rendered":"\n<p>Desde este jueves 2 de enero 2020, el Municipio de Punta Arenas, a trav\u00e9s de la Direcci\u00f3n de Desarrollo Comunitario, recibir\u00e1 las inscripciones para una nueva versi\u00f3n de las Colonias de Verano.<\/p>\n\n\n\n<p>En esta oportunidad, las actividades se realizar\u00e1n en la Escuela Espa\u00f1a, las que est\u00e1n dirigidas para ni\u00f1os y ni\u00f1as entre 6 y 12 a\u00f1os de edad, los que podr\u00e1n disfrutar de distintas actividades recreativas, culturales y de mucha diversi\u00f3n.<\/p>\n\n\n\n<p>\u201cPara nosotros es s\u00faper importante poder contar con esta actividad, porque va en apoyo, principalmente, de todos aquellos pap\u00e1s, mam\u00e1s que trabajan y que muchas veces, en vacaciones, dado que los ni\u00f1os no asisten a clases en forma regular, no tienen qui\u00e9n los pueda cuidar o d\u00f3nde dejarlos\u201d, afirm\u00f3 la directora de Desarrollo Comunitario, Elena Blackwood.<\/p>\n\n\n\n<p>Por su parte, el alcalde Claudio Radonich, hizo una invitaci\u00f3n a participar de esta iniciativa, ya que adelant\u00f3 que habr\u00e1 diversas instancias de diversi\u00f3n y aprendizaje.<\/p>\n\n\n\n<p>Los interesados deben inscribir a sus hijos e hijas en la Direcci\u00f3n de Desarrollo Comunitario (Independencia 830 segundo piso), entre las 9 y 13 horas o de 14:30 a 17 horas.<\/p>\n\n\n\n<p>S\u00f3lo deben llevar&nbsp; la c\u00e9dula de identidad del adulto responsable y de los ni\u00f1os\/as a inscribir.<br><\/p>\n","protected":false},"excerpt":{"rendered":"<p>Desde este jueves 2 de enero 2020, el Municipio de Punta Arenas, a trav\u00e9s de la Direcci\u00f3n de Desarrollo Comunitario, recibir\u00e1 las inscripciones para una nueva versi\u00f3n de las Colonias&#8230; <a class=\"read-more\" href=\"https:\/\/www.radiopresidenteibanez.cl\/web\/colonias-de-verano-municipal-abre-sus-inscripciones-este-2-enero\/\">Leer m\u00e1s<\/a><\/p>\n","protected":false},"author":2,"featured_media":8774,"comment_status":"closed","ping_status":"closed","sticky":false,"template":"","format":"standard","meta":{"footnotes":""},"categories":[1],"tags":[],"class_list":["post-8773","post","type-post","status-publish","format-standard","has-post-thumbnail","hentry","category-cronica"],"_links":{"self":[{"href":"https:\/\/www.radiopresidenteibanez.cl\/web\/wp-json\/wp\/v2\/posts\/8773","targetHints":{"allow":["GET"]}}],"collection":[{"href":"https:\/\/www.radiopresidenteibanez.cl\/web\/wp-json\/wp\/v2\/posts"}],"about":[{"href":"https:\/\/www.radiopresidenteibanez.cl\/web\/wp-json\/wp\/v2\/types\/post"}],"author":[{"embeddable":true,"href":"https:\/\/www.radiopresidenteibanez.cl\/web\/wp-json\/wp\/v2\/users\/2"}],"replies":[{"embeddable":true,"href":"https:\/\/www.radiopresidenteibanez.cl\/web\/wp-json\/wp\/v2\/comments?post=8773"}],"version-history":[{"count":0,"href":"https:\/\/www.radiopresidenteibanez.cl\/web\/wp-json\/wp\/v2\/posts\/8773\/revisions"}],"wp:featuredmedia":[{"embeddable":true,"href":"https:\/\/www.radiopresidenteibanez.cl\/web\/wp-json\/wp\/v2\/media\/8774"}],"wp:attachment":[{"href":"https:\/\/www.radiopresidenteibanez.cl\/web\/wp-json\/wp\/v2\/media?parent=8773"}],"wp:term":[{"taxonomy":"category","embeddable":true,"href":"https:\/\/www.radiopresidenteibanez.cl\/web\/wp-json\/wp\/v2\/categories?post=8773"},{"taxonomy":"post_tag","embeddable":true,"href":"https:\/\/www.radiopresidenteibanez.cl\/web\/wp-json\/wp\/v2\/tags?post=8773"}],"curies":[{"name":"wp","href":"https:\/\/api.w.org\/{rel}","templated":true}]}}