{"id":8771,"date":"2020-01-02T15:59:55","date_gmt":"2020-01-02T15:59:55","guid":{"rendered":"https:\/\/www.radiopresidenteibanez.cl\/web\/?p=8771"},"modified":"2020-01-02T15:59:59","modified_gmt":"2020-01-02T15:59:59","slug":"vehiculo-de-patente-argentina-volco-en-la-ruta-y-71-en-tierra-del-fuego-4-personas-de-nacionalidad-italiana-resultaron-lesionadas","status":"publish","type":"post","link":"https:\/\/www.radiopresidenteibanez.cl\/web\/vehiculo-de-patente-argentina-volco-en-la-ruta-y-71-en-tierra-del-fuego-4-personas-de-nacionalidad-italiana-resultaron-lesionadas\/","title":{"rendered":"VEH\u00cdCULO DE PATENTE ARGENTINA VOLC\u00d3 EN LA RUTA Y-71 EN TIERRA DEL FUEGO: 4 PERSONAS DE NACIONALIDAD ITALIANA RESULTARON LESIONADAS"},"content":{"rendered":"\n<p>En horas de esta ma\u00f1ana, jueves 2 de enero, hasta el sector\nde la ruta Y-71 debi\u00f3 concurrir voluntarios de la Unidad de Rescate de la\nPrimera Compa\u00f1\u00eda de Bomberos y Carabineros, esto luego de ser avisados de un\naccidente vehicular.<\/p>\n\n\n\n<p>En la oportunidad un Jeep color blanco de patente argentina\nse encontraba volcado en el lugar, en el interior circulaban cuatro personas de\nnacionalidad italiana las cuales resultaron con lesiones de car\u00e1cter leves.<\/p>\n\n\n\n<p>Las personas fueron atendidas y trasladadas por personal del\nSamu hasta las dependencias del Hospital Marco Chamorro de Porvenir.<\/p>\n","protected":false},"excerpt":{"rendered":"<p>En horas de esta ma\u00f1ana, jueves 2 de enero, hasta el sector de la ruta Y-71 debi\u00f3 concurrir voluntarios de la Unidad de Rescate de la Primera Compa\u00f1\u00eda de Bomberos&#8230; <a class=\"read-more\" href=\"https:\/\/www.radiopresidenteibanez.cl\/web\/vehiculo-de-patente-argentina-volco-en-la-ruta-y-71-en-tierra-del-fuego-4-personas-de-nacionalidad-italiana-resultaron-lesionadas\/\">Leer m\u00e1s<\/a><\/p>\n","protected":false},"author":2,"featured_media":754,"comment_status":"closed","ping_status":"closed","sticky":false,"template":"","format":"standard","meta":{"footnotes":""},"categories":[6],"tags":[],"class_list":["post-8771","post","type-post","status-publish","format-standard","has-post-thumbnail","hentry","category-policial"],"_links":{"self":[{"href":"https:\/\/www.radiopresidenteibanez.cl\/web\/wp-json\/wp\/v2\/posts\/8771","targetHints":{"allow":["GET"]}}],"collection":[{"href":"https:\/\/www.radiopresidenteibanez.cl\/web\/wp-json\/wp\/v2\/posts"}],"about":[{"href":"https:\/\/www.radiopresidenteibanez.cl\/web\/wp-json\/wp\/v2\/types\/post"}],"author":[{"embeddable":true,"href":"https:\/\/www.radiopresidenteibanez.cl\/web\/wp-json\/wp\/v2\/users\/2"}],"replies":[{"embeddable":true,"href":"https:\/\/www.radiopresidenteibanez.cl\/web\/wp-json\/wp\/v2\/comments?post=8771"}],"version-history":[{"count":0,"href":"https:\/\/www.radiopresidenteibanez.cl\/web\/wp-json\/wp\/v2\/posts\/8771\/revisions"}],"wp:featuredmedia":[{"embeddable":true,"href":"https:\/\/www.radiopresidenteibanez.cl\/web\/wp-json\/wp\/v2\/media\/754"}],"wp:attachment":[{"href":"https:\/\/www.radiopresidenteibanez.cl\/web\/wp-json\/wp\/v2\/media?parent=8771"}],"wp:term":[{"taxonomy":"category","embeddable":true,"href":"https:\/\/www.radiopresidenteibanez.cl\/web\/wp-json\/wp\/v2\/categories?post=8771"},{"taxonomy":"post_tag","embeddable":true,"href":"https:\/\/www.radiopresidenteibanez.cl\/web\/wp-json\/wp\/v2\/tags?post=8771"}],"curies":[{"name":"wp","href":"https:\/\/api.w.org\/{rel}","templated":true}]}}