{"id":8762,"date":"2019-12-31T16:20:20","date_gmt":"2019-12-31T16:20:20","guid":{"rendered":"https:\/\/www.radiopresidenteibanez.cl\/web\/?p=8762"},"modified":"2019-12-31T17:19:34","modified_gmt":"2019-12-31T17:19:34","slug":"feliz-ano-2020-se-los-desea-radio-presidente-ibanez","status":"publish","type":"post","link":"https:\/\/www.radiopresidenteibanez.cl\/web\/feliz-ano-2020-se-los-desea-radio-presidente-ibanez\/","title":{"rendered":"FELIZ A\u00d1O 2020 SE LOS DESEA RADIO PRESIDENTE IB\u00c1\u00d1EZ"},"content":{"rendered":"\n<p>Radio\nPresidente Ib\u00e1\u00f1ez les hace llegar un afectuoso saludo a quienes d\u00eda a d\u00eda nos\nacompa\u00f1an a trav\u00e9s de nuestro dial 88.5 FM en Punta Arenas y Porvenir, as\u00ed\ntambi\u00e9n en nuestro canal 34 de TVRed premium junto a nuestras distintas redes\nsociales.<\/p>\n\n\n\n<p>Quienes escucharon\no vieron cada uno de nuestros programas, compartieron con nuestros conductores\ny animadores\u2026 esperamos haber podido satisfacer sus requisitos y seguiremos\ntrabajando para entregar lo mejor de nosotros.<\/p>\n\n\n\n<p>Lo esperamos\neste 2020 con nuestra nueva parrilla program\u00e1tica, inspirada en cada uno de\nnuestros y nuestras auditoras y televidentes.<\/p>\n\n\n\n<p>Es por lo\nanterior que esperamos que el 2020 sea un gran a\u00f1o para ustedes, sus familias y\nc\u00edrculo de amistades.<\/p>\n\n\n\n<p>Se los\ndesea; <\/p>\n\n\n\n<p>Francisco P\u00e9rez San Juan y Susana Ram\u00edrez directores de Radio Presidente Ib\u00e1\u00f1ez junto a su equipo de trabajo y colaboradores. <\/p>\n\n\n\n<p class=\"has-text-align-center\">FELIZ A\u00d1O NUEVO 2020 SE LOS DESEA \u00a1LA RADIO CON HISTORIA! <\/p>\n","protected":false},"excerpt":{"rendered":"<p>Radio Presidente Ib\u00e1\u00f1ez les hace llegar un afectuoso saludo a quienes d\u00eda a d\u00eda nos acompa\u00f1an a trav\u00e9s de nuestro dial 88.5 FM en Punta Arenas y Porvenir, as\u00ed tambi\u00e9n&#8230; <a class=\"read-more\" href=\"https:\/\/www.radiopresidenteibanez.cl\/web\/feliz-ano-2020-se-los-desea-radio-presidente-ibanez\/\">Leer m\u00e1s<\/a><\/p>\n","protected":false},"author":2,"featured_media":8763,"comment_status":"closed","ping_status":"closed","sticky":false,"template":"","format":"standard","meta":{"footnotes":""},"categories":[1],"tags":[],"class_list":["post-8762","post","type-post","status-publish","format-standard","has-post-thumbnail","hentry","category-cronica"],"_links":{"self":[{"href":"https:\/\/www.radiopresidenteibanez.cl\/web\/wp-json\/wp\/v2\/posts\/8762","targetHints":{"allow":["GET"]}}],"collection":[{"href":"https:\/\/www.radiopresidenteibanez.cl\/web\/wp-json\/wp\/v2\/posts"}],"about":[{"href":"https:\/\/www.radiopresidenteibanez.cl\/web\/wp-json\/wp\/v2\/types\/post"}],"author":[{"embeddable":true,"href":"https:\/\/www.radiopresidenteibanez.cl\/web\/wp-json\/wp\/v2\/users\/2"}],"replies":[{"embeddable":true,"href":"https:\/\/www.radiopresidenteibanez.cl\/web\/wp-json\/wp\/v2\/comments?post=8762"}],"version-history":[{"count":0,"href":"https:\/\/www.radiopresidenteibanez.cl\/web\/wp-json\/wp\/v2\/posts\/8762\/revisions"}],"wp:featuredmedia":[{"embeddable":true,"href":"https:\/\/www.radiopresidenteibanez.cl\/web\/wp-json\/wp\/v2\/media\/8763"}],"wp:attachment":[{"href":"https:\/\/www.radiopresidenteibanez.cl\/web\/wp-json\/wp\/v2\/media?parent=8762"}],"wp:term":[{"taxonomy":"category","embeddable":true,"href":"https:\/\/www.radiopresidenteibanez.cl\/web\/wp-json\/wp\/v2\/categories?post=8762"},{"taxonomy":"post_tag","embeddable":true,"href":"https:\/\/www.radiopresidenteibanez.cl\/web\/wp-json\/wp\/v2\/tags?post=8762"}],"curies":[{"name":"wp","href":"https:\/\/api.w.org\/{rel}","templated":true}]}}