{"id":8753,"date":"2019-12-31T15:52:53","date_gmt":"2019-12-31T15:52:53","guid":{"rendered":"https:\/\/www.radiopresidenteibanez.cl\/web\/?p=8753"},"modified":"2019-12-31T16:48:29","modified_gmt":"2019-12-31T16:48:29","slug":"un-carabinero-y-tres-civiles-fueron-detenidos-por-trafico-de-drogas-luego-de-realizar-allanamiento-en-distintos-puntos-de-punta-arenas","status":"publish","type":"post","link":"https:\/\/www.radiopresidenteibanez.cl\/web\/un-carabinero-y-tres-civiles-fueron-detenidos-por-trafico-de-drogas-luego-de-realizar-allanamiento-en-distintos-puntos-de-punta-arenas\/","title":{"rendered":"UN CARABINERO Y TRES CIVILES FUERON DETENIDOS POR TR\u00c1FICO DE DROGAS LUEGO DE REALIZAR ALLANAMIENTO EN DISTINTOS PUNTOS DE PUNTA ARENAS"},"content":{"rendered":"\n<p>Durante la jornada de ayer lunes 30 de diciembre, distintos\nallanamientos se realizaron en la ciudad de Punta Arenas, en b\u00fasqueda presuntamente\nde drogas y otros, en la ocasi\u00f3n la investigaci\u00f3n realizada arroj\u00f3 la detenci\u00f3n\nde cuatro personas entre ellos un carabinero, el cual inmediatamente fue dado\nde baja desde la instituci\u00f3n.<\/p>\n\n\n\n<p>En la ocasi\u00f3n el GOPE de Carabineros realiz\u00f3 las pesquisas\ncorrespondientes con la facultad que le entrega la Ley 20.000, donde las\ninterceptaciones telef\u00f3nicas resultan un recurso clave.<\/p>\n\n\n\n<p>El allanamiento arroj\u00f3 el decomiso de 254 gramos de clorhidrato\nde coca\u00edna, 14 gramos de marihuana, 805 mil pesos en efectivo, junto a tres\nveh\u00edculos y un arma de fuego.<\/p>\n\n\n\n<p>Los tres detenidos civiles en esta causa fueron\nidentificados con sus iniciales A.A.M.L., 25 a\u00f1os; J.C.V.A., de 29, y D.A.L.A,\nde 23.<\/p>\n\n\n\n<p>Mientras tanto, el carabinero, responde a las iniciales\nF.V.A., un cabo primero de dotaci\u00f3n de la Primera Comisar\u00eda, actualmente con\nlicencia m\u00e9dica.<\/p>\n","protected":false},"excerpt":{"rendered":"<p>Durante la jornada de ayer lunes 30 de diciembre, distintos allanamientos se realizaron en la ciudad de Punta Arenas, en b\u00fasqueda presuntamente de drogas y otros, en la ocasi\u00f3n la&#8230; <a class=\"read-more\" href=\"https:\/\/www.radiopresidenteibanez.cl\/web\/un-carabinero-y-tres-civiles-fueron-detenidos-por-trafico-de-drogas-luego-de-realizar-allanamiento-en-distintos-puntos-de-punta-arenas\/\">Leer m\u00e1s<\/a><\/p>\n","protected":false},"author":2,"featured_media":8755,"comment_status":"closed","ping_status":"closed","sticky":false,"template":"","format":"standard","meta":{"footnotes":""},"categories":[1],"tags":[],"class_list":["post-8753","post","type-post","status-publish","format-standard","has-post-thumbnail","hentry","category-cronica"],"_links":{"self":[{"href":"https:\/\/www.radiopresidenteibanez.cl\/web\/wp-json\/wp\/v2\/posts\/8753","targetHints":{"allow":["GET"]}}],"collection":[{"href":"https:\/\/www.radiopresidenteibanez.cl\/web\/wp-json\/wp\/v2\/posts"}],"about":[{"href":"https:\/\/www.radiopresidenteibanez.cl\/web\/wp-json\/wp\/v2\/types\/post"}],"author":[{"embeddable":true,"href":"https:\/\/www.radiopresidenteibanez.cl\/web\/wp-json\/wp\/v2\/users\/2"}],"replies":[{"embeddable":true,"href":"https:\/\/www.radiopresidenteibanez.cl\/web\/wp-json\/wp\/v2\/comments?post=8753"}],"version-history":[{"count":0,"href":"https:\/\/www.radiopresidenteibanez.cl\/web\/wp-json\/wp\/v2\/posts\/8753\/revisions"}],"wp:featuredmedia":[{"embeddable":true,"href":"https:\/\/www.radiopresidenteibanez.cl\/web\/wp-json\/wp\/v2\/media\/8755"}],"wp:attachment":[{"href":"https:\/\/www.radiopresidenteibanez.cl\/web\/wp-json\/wp\/v2\/media?parent=8753"}],"wp:term":[{"taxonomy":"category","embeddable":true,"href":"https:\/\/www.radiopresidenteibanez.cl\/web\/wp-json\/wp\/v2\/categories?post=8753"},{"taxonomy":"post_tag","embeddable":true,"href":"https:\/\/www.radiopresidenteibanez.cl\/web\/wp-json\/wp\/v2\/tags?post=8753"}],"curies":[{"name":"wp","href":"https:\/\/api.w.org\/{rel}","templated":true}]}}