{"id":8751,"date":"2019-12-31T15:38:40","date_gmt":"2019-12-31T15:38:40","guid":{"rendered":"https:\/\/www.radiopresidenteibanez.cl\/web\/?p=8751"},"modified":"2019-12-31T15:38:44","modified_gmt":"2019-12-31T15:38:44","slug":"antisociales-robaron-mas-de-4-millones-de-pesos-desde-una-constructora","status":"publish","type":"post","link":"https:\/\/www.radiopresidenteibanez.cl\/web\/antisociales-robaron-mas-de-4-millones-de-pesos-desde-una-constructora\/","title":{"rendered":"ANTISOCIALES ROBARON M\u00c1S DE 4 MILLONES DE PESOS DESDE UNA CONSTRUCTORA"},"content":{"rendered":"\n<p>Personal de Carabineros debi\u00f3 concurrir hasta una vivienda\nubicada en calle Mardones con el n\u00famero 01199, lugar donde funcionan oficinas\nde una empresa particular del rubro de la construcci\u00f3n, esto luego de que fueran\navisados que dos antisociales enmascarados ingresaron presuntamente con arma de\nfuego y lograra robar 4 millones 500 mil pesos.<\/p>\n\n\n\n<p>Posteriormente, por orden del fiscal de turno, la Biro de la\nPolic\u00eda de Investigaciones tom\u00f3 el procedimiento de rigor para seguir con la\ninvestigaci\u00f3n correspondiente.<\/p>\n\n\n\n<p>Hasta el cierre de esta edici\u00f3n a\u00fan no exist\u00edan personas\ndetenidas.<\/p>\n","protected":false},"excerpt":{"rendered":"<p>Personal de Carabineros debi\u00f3 concurrir hasta una vivienda ubicada en calle Mardones con el n\u00famero 01199, lugar donde funcionan oficinas de una empresa particular del rubro de la construcci\u00f3n, esto&#8230; <a class=\"read-more\" href=\"https:\/\/www.radiopresidenteibanez.cl\/web\/antisociales-robaron-mas-de-4-millones-de-pesos-desde-una-constructora\/\">Leer m\u00e1s<\/a><\/p>\n","protected":false},"author":2,"featured_media":4141,"comment_status":"closed","ping_status":"closed","sticky":false,"template":"","format":"standard","meta":{"footnotes":""},"categories":[1],"tags":[],"class_list":["post-8751","post","type-post","status-publish","format-standard","has-post-thumbnail","hentry","category-cronica"],"_links":{"self":[{"href":"https:\/\/www.radiopresidenteibanez.cl\/web\/wp-json\/wp\/v2\/posts\/8751","targetHints":{"allow":["GET"]}}],"collection":[{"href":"https:\/\/www.radiopresidenteibanez.cl\/web\/wp-json\/wp\/v2\/posts"}],"about":[{"href":"https:\/\/www.radiopresidenteibanez.cl\/web\/wp-json\/wp\/v2\/types\/post"}],"author":[{"embeddable":true,"href":"https:\/\/www.radiopresidenteibanez.cl\/web\/wp-json\/wp\/v2\/users\/2"}],"replies":[{"embeddable":true,"href":"https:\/\/www.radiopresidenteibanez.cl\/web\/wp-json\/wp\/v2\/comments?post=8751"}],"version-history":[{"count":0,"href":"https:\/\/www.radiopresidenteibanez.cl\/web\/wp-json\/wp\/v2\/posts\/8751\/revisions"}],"wp:featuredmedia":[{"embeddable":true,"href":"https:\/\/www.radiopresidenteibanez.cl\/web\/wp-json\/wp\/v2\/media\/4141"}],"wp:attachment":[{"href":"https:\/\/www.radiopresidenteibanez.cl\/web\/wp-json\/wp\/v2\/media?parent=8751"}],"wp:term":[{"taxonomy":"category","embeddable":true,"href":"https:\/\/www.radiopresidenteibanez.cl\/web\/wp-json\/wp\/v2\/categories?post=8751"},{"taxonomy":"post_tag","embeddable":true,"href":"https:\/\/www.radiopresidenteibanez.cl\/web\/wp-json\/wp\/v2\/tags?post=8751"}],"curies":[{"name":"wp","href":"https:\/\/api.w.org\/{rel}","templated":true}]}}