{"id":8748,"date":"2019-12-31T15:31:49","date_gmt":"2019-12-31T15:31:49","guid":{"rendered":"https:\/\/www.radiopresidenteibanez.cl\/web\/?p=8748"},"modified":"2019-12-31T15:31:52","modified_gmt":"2019-12-31T15:31:52","slug":"alcohol-y-festividades-10-consejos-de-consumo-responsable","status":"publish","type":"post","link":"https:\/\/www.radiopresidenteibanez.cl\/web\/alcohol-y-festividades-10-consejos-de-consumo-responsable\/","title":{"rendered":"ALCOHOL Y FESTIVIDADES: 10 CONSEJOS DE CONSUMO RESPONSABLE"},"content":{"rendered":"\n<p>\u201cEs un llamado a la acci\u00f3n, a adoptar una actitud de prevenci\u00f3n,\nresponsabilidad, autocuidado y empat\u00eda cuidando a los dem\u00e1s. Una invitaci\u00f3n a\nbuscar el equilibrio al pasarlo bien, ser proactivos y preventivos y no pensar\nen que \u201c<em>a mi no me va a pasar<\/em>\u201d, \u201c<em>yo me las s\u00e9 todas<\/em>\u201d o quedarse\nen el pensamiento, pasemos a la acci\u00f3n. Buscamos que todos adoptemos una\nrelaci\u00f3n responsable con el consumo de alcohol\u201d, comenta Marisol Bravo, Gerente\nde Asuntos Corporativos de CCU.<\/p>\n\n\n\n<p>En el marco de su campa\u00f1a #ModeloASeguir, CCU entreg\u00f3 una serie de\nconsejos para celebrar este fin de a\u00f1o y disfrutar el verano, de forma segura,\nresponsable y con foco en la prevenci\u00f3n y seguridad vial.<\/p>\n\n\n\n<p>Esta campa\u00f1a busca sensibilizar a las personas que todos pueden\nser un #ModeloASeguir en la promoci\u00f3n de buenas pr\u00e1cticas y autocuidado. El\nllamado es que todos, incluidos conductores, ciclistas y peatones,&nbsp;\ncelebren en forma segura y a tener comportamientos responsables durante todo el\na\u00f1o.<\/p>\n\n\n\n<p>Las 10 recomendaciones que buscan promover un consumo responsable\ny una conducta de autocuidado son:<\/p>\n\n\n\n<ul class=\"wp-block-list\"><li>Si vas a beber, pasa las llaves<\/li><li>Al conducir, no te distraigas con el celular<\/li><li>Siempre respeta los l\u00edmites de velocidad<\/li><li>Si vas a beber alcohol, come e hidr\u00e1tate bien<\/li><li>Viaja siempre con cintur\u00f3n de seguridad<\/li><li>Cruza por lugares permitidos<\/li><li>Bebe con responsabilidad<\/li><li>Recuerda no promover el consumo de alcohol en menores de edad<\/li><li>Festeja porque quieres, no porque tus amigos te dicen<\/li><li>Pedalea\ns\u00f3lo si no vas a beber, usando casco y ropa reflectante<\/li><\/ul>\n\n\n\n<p>Estos consejos son parte del programa de \u201cPromoci\u00f3n del Consumo\nResponsable de Alcohol 360\u00b0\u201d que CCU desarrolla desde 1994. Una estrategia\nintegrada de acciones para educar, informar e integrar a distintos actores\nsobre la prevenci\u00f3n del consumo de alcohol en menores de edad, educaci\u00f3n en\nconsumo responsable de alcohol y promoci\u00f3n de la seguridad vial.<\/p>\n\n\n\n<p>Ver la campa\u00f1a y m\u00e1s consejos en www.modeloaseguir.cl<\/p>\n","protected":false},"excerpt":{"rendered":"<p>\u201cEs un llamado a la acci\u00f3n, a adoptar una actitud de prevenci\u00f3n, responsabilidad, autocuidado y empat\u00eda cuidando a los dem\u00e1s. Una invitaci\u00f3n a buscar el equilibrio al pasarlo bien, ser&#8230; <a class=\"read-more\" href=\"https:\/\/www.radiopresidenteibanez.cl\/web\/alcohol-y-festividades-10-consejos-de-consumo-responsable\/\">Leer m\u00e1s<\/a><\/p>\n","protected":false},"author":2,"featured_media":8749,"comment_status":"closed","ping_status":"closed","sticky":false,"template":"","format":"standard","meta":{"footnotes":""},"categories":[1],"tags":[],"class_list":["post-8748","post","type-post","status-publish","format-standard","has-post-thumbnail","hentry","category-cronica"],"_links":{"self":[{"href":"https:\/\/www.radiopresidenteibanez.cl\/web\/wp-json\/wp\/v2\/posts\/8748","targetHints":{"allow":["GET"]}}],"collection":[{"href":"https:\/\/www.radiopresidenteibanez.cl\/web\/wp-json\/wp\/v2\/posts"}],"about":[{"href":"https:\/\/www.radiopresidenteibanez.cl\/web\/wp-json\/wp\/v2\/types\/post"}],"author":[{"embeddable":true,"href":"https:\/\/www.radiopresidenteibanez.cl\/web\/wp-json\/wp\/v2\/users\/2"}],"replies":[{"embeddable":true,"href":"https:\/\/www.radiopresidenteibanez.cl\/web\/wp-json\/wp\/v2\/comments?post=8748"}],"version-history":[{"count":0,"href":"https:\/\/www.radiopresidenteibanez.cl\/web\/wp-json\/wp\/v2\/posts\/8748\/revisions"}],"wp:featuredmedia":[{"embeddable":true,"href":"https:\/\/www.radiopresidenteibanez.cl\/web\/wp-json\/wp\/v2\/media\/8749"}],"wp:attachment":[{"href":"https:\/\/www.radiopresidenteibanez.cl\/web\/wp-json\/wp\/v2\/media?parent=8748"}],"wp:term":[{"taxonomy":"category","embeddable":true,"href":"https:\/\/www.radiopresidenteibanez.cl\/web\/wp-json\/wp\/v2\/categories?post=8748"},{"taxonomy":"post_tag","embeddable":true,"href":"https:\/\/www.radiopresidenteibanez.cl\/web\/wp-json\/wp\/v2\/tags?post=8748"}],"curies":[{"name":"wp","href":"https:\/\/api.w.org\/{rel}","templated":true}]}}