{"id":8742,"date":"2019-12-31T15:25:27","date_gmt":"2019-12-31T15:25:27","guid":{"rendered":"https:\/\/www.radiopresidenteibanez.cl\/web\/?p=8742"},"modified":"2019-12-31T15:25:32","modified_gmt":"2019-12-31T15:25:32","slug":"ceremonia-de-desvinculacion-2019-reconocio-el-trabajo-de-diez-funcionarios-que-culminaron-su-carrera-laboral-en-el-hospital-clinico-magallanes","status":"publish","type":"post","link":"https:\/\/www.radiopresidenteibanez.cl\/web\/ceremonia-de-desvinculacion-2019-reconocio-el-trabajo-de-diez-funcionarios-que-culminaron-su-carrera-laboral-en-el-hospital-clinico-magallanes\/","title":{"rendered":"CEREMONIA DE DESVINCULACI\u00d3N 2019 RECONOCI\u00d3 EL TRABAJO DE DIEZ  FUNCIONARIOS QUE CULMINARON SU CARRERA LABORAL EN EL HOSPITAL CL\u00cdNICO MAGALLANES"},"content":{"rendered":"\n<p>Con un\nauditorio lleno &nbsp;de funcionarios, familia\ny amigos, hoy se efectu\u00f3 la&nbsp; ceremonia de\nDesvinculaci\u00f3n2019, en donde &nbsp;el Hospital\nCl\u00ednico Magallanes (HCM)&nbsp; quiso despedir\na diez &nbsp;trabajadores que culminaron&nbsp; su carrera funcionaria. <\/p>\n\n\n\n<p>Una de los\nfuncionarios que se acogen a retiro es el enfermero del Centro de\nResponsabilidad de Oncolog\u00eda, Don Jos\u00e9 Soto Reinahuel, quien con 28 a\u00f1os de\nservicio p\u00fablico agradeci\u00f3 a todas las personas que conoci\u00f3 durante d\u00e9cadas de\ntrabajo en el establecimiento de salud, \u201cEs gratificante toda esta despedida,\nestoy muy orgulloso de trabajar con un tremendo equipo de trabajo, los llevar\u00e9\nen mi mente y mi coraz\u00f3n. Trabaj\u00e9 por diez a\u00f1os en atenci\u00f3n primaria y entr\u00e9 a\nHCM por un concurso que gan\u00e9. El a\u00f1o 1991 me inici\u00e9 en Oncolog\u00eda, ha sido todo\nmuy gratificante. \u201d, se\u00f1al\u00f3 emocionado. <\/p>\n\n\n\n<p>En tanto,\nel Director HCM, Ricardo Contreras Fa\u00fandez agreg\u00f3 que: \u00abCon este\nreconocimiento queremos expresar el agradecimiento de parte de todos nosotros y\ntambi\u00e9n de nuestros usuarios, porque ese trabajo que ellos han realizado ha\nservido para garantizar que nuestro hospital avance, para que nuestra gente\npueda acceder a una salud de calidad, con atenci\u00f3n digna y oportuna. Esta es\nuna ceremonia especialmente significativa. Algunos de los funcionarios que hoy\ndespedimos alcanzan m\u00e1s de 40 a\u00f1os de servicio en la salud p\u00fablica. Como equipo\ndirectivo sentimos necesario realizar este reconocimiento donde destacamos las\ndistintas tareas desempe\u00f1adas por ustedes a lo largo de su trayectoria porque\nel trabajo en salud se realiza en equipo y todas sus \u00e1reas son igualmente\nimportantes\u00bb.<\/p>\n\n\n\n<p>Funcionarios\ndesvinculados:<\/p>\n\n\n\n<ul class=\"wp-block-list\"><li>Blanca\nRuiz Barrientos, t\u00e9cnico en enfermer\u00eda del CR de Esterilizaci\u00f3n.<\/li><li>Mar\u00eda\nSoto Colun, administrativo el CR de Oncolog\u00eda<\/li><li>Adri\u00e1n\nZ\u00fa\u00f1iga D\u00edaz, t\u00e9cnico param\u00e9dico del CR de Anestesia y Pabellones Quir\u00fargicos<\/li><li>Alicia\nBravo Mu\u00f1oz, auxiliar param\u00e9dico del CR de la Mujer<\/li><li>Antonia\nVargas Alvarado, t\u00e9cnico en enfermer\u00eda del CR de Laboratorio<\/li><li>&nbsp;Patricia Soto Medel, enfermera del CR de\nMedicina<\/li><li>Jos\u00e9\nSoto Reinahuel, enfermero del CR Oncolog\u00eda<\/li><li>H\u00e9ctor\nMu\u00f1oz Arellano, tecn\u00f3logo m\u00e9dico del CR Laboratorio<\/li><li>Juan\nSaavedra Contreras, administrativo Unidad de Abastecimiento<\/li><li>Natali\nMatamala G\u00f3mez, t\u00e9cnico param\u00e9dico del CR Infantil<\/li><\/ul>\n","protected":false},"excerpt":{"rendered":"<p>Con un auditorio lleno &nbsp;de funcionarios, familia y amigos, hoy se efectu\u00f3 la&nbsp; ceremonia de Desvinculaci\u00f3n2019, en donde &nbsp;el Hospital Cl\u00ednico Magallanes (HCM)&nbsp; quiso despedir a diez &nbsp;trabajadores que culminaron&nbsp;&#8230; <a class=\"read-more\" href=\"https:\/\/www.radiopresidenteibanez.cl\/web\/ceremonia-de-desvinculacion-2019-reconocio-el-trabajo-de-diez-funcionarios-que-culminaron-su-carrera-laboral-en-el-hospital-clinico-magallanes\/\">Leer m\u00e1s<\/a><\/p>\n","protected":false},"author":2,"featured_media":8743,"comment_status":"closed","ping_status":"closed","sticky":false,"template":"","format":"standard","meta":{"footnotes":""},"categories":[1],"tags":[],"class_list":["post-8742","post","type-post","status-publish","format-standard","has-post-thumbnail","hentry","category-cronica"],"_links":{"self":[{"href":"https:\/\/www.radiopresidenteibanez.cl\/web\/wp-json\/wp\/v2\/posts\/8742","targetHints":{"allow":["GET"]}}],"collection":[{"href":"https:\/\/www.radiopresidenteibanez.cl\/web\/wp-json\/wp\/v2\/posts"}],"about":[{"href":"https:\/\/www.radiopresidenteibanez.cl\/web\/wp-json\/wp\/v2\/types\/post"}],"author":[{"embeddable":true,"href":"https:\/\/www.radiopresidenteibanez.cl\/web\/wp-json\/wp\/v2\/users\/2"}],"replies":[{"embeddable":true,"href":"https:\/\/www.radiopresidenteibanez.cl\/web\/wp-json\/wp\/v2\/comments?post=8742"}],"version-history":[{"count":0,"href":"https:\/\/www.radiopresidenteibanez.cl\/web\/wp-json\/wp\/v2\/posts\/8742\/revisions"}],"wp:featuredmedia":[{"embeddable":true,"href":"https:\/\/www.radiopresidenteibanez.cl\/web\/wp-json\/wp\/v2\/media\/8743"}],"wp:attachment":[{"href":"https:\/\/www.radiopresidenteibanez.cl\/web\/wp-json\/wp\/v2\/media?parent=8742"}],"wp:term":[{"taxonomy":"category","embeddable":true,"href":"https:\/\/www.radiopresidenteibanez.cl\/web\/wp-json\/wp\/v2\/categories?post=8742"},{"taxonomy":"post_tag","embeddable":true,"href":"https:\/\/www.radiopresidenteibanez.cl\/web\/wp-json\/wp\/v2\/tags?post=8742"}],"curies":[{"name":"wp","href":"https:\/\/api.w.org\/{rel}","templated":true}]}}