{"id":8736,"date":"2019-12-31T15:22:04","date_gmt":"2019-12-31T15:22:04","guid":{"rendered":"https:\/\/www.radiopresidenteibanez.cl\/web\/?p=8736"},"modified":"2019-12-31T15:22:08","modified_gmt":"2019-12-31T15:22:08","slug":"autoridad-laboral-recuerda-respetar-feriado-irrenunciable-en-ano-nuevo","status":"publish","type":"post","link":"https:\/\/www.radiopresidenteibanez.cl\/web\/autoridad-laboral-recuerda-respetar-feriado-irrenunciable-en-ano-nuevo\/","title":{"rendered":"AUTORIDAD LABORAL RECUERDA RESPETAR FERIADO IRRENUNCIABLE EN A\u00d1O NUEVO"},"content":{"rendered":"\n<p>Luego que la Direcci\u00f3n regional del\nTrabajo no registrara infracciones por incumplimiento durante el reci\u00e9n pasado\nFeriado Irrenunciable del comercio en 25 de diciembre, la autoridad laboral de\nla zona, espera que para el d\u00eda 1 de enero se repita el buen cumplimiento de\nlas empresas dependientes de este rubro.<\/p>\n\n\n\n<p>Por ello, el Seremi (s) del Trabajo,\nMarcelo Trivi\u00f1o \u00c1lvarez, hizo un llamado a los empleadores locales a respetar este\ndescanso obligatorio e irrenunciable que tienen los trabajadores de las\nempresas del comercio, recordando que este feriado comienza, en esta ocasi\u00f3n, a\nlas 20:00 horas del\nmartes 31 de diciembre y finaliza a las 06:00 horas del jueves 2 de enero de\n2020.<\/p>\n\n\n\n<p>En sus palabras: \u201ccomo\nMinisterio del Trabajo, todos los a\u00f1os, previo a las respectivas celebraciones\nde Navidad \u2013 el 25 de diciembre- y, en este caso, de A\u00f1o Nuevo \u2013para el d\u00eda 1\nde enero- hacemos un fuerte llamado a las empresas del sector comercio a\ncumplir con esta normativa y, por ende, con el descanso que les corresponde a\nlos trabajadores dependientes de este rubro\u201d.<\/p>\n\n\n\n<p>Seg\u00fan expres\u00f3, de acuerdo a los datos\nentregados por la Direcci\u00f3n del Trabajo, \u201csabemos que, generalmente, las empresas\nmagall\u00e1nicas han tenido un buen cumplimiento respecto de este feriado\u201d. <\/p>\n\n\n\n<p>Es as\u00ed que, el a\u00f1o pasado, para el festivo\ndel d\u00eda 25 de diciembre y 1 de enero, la Direcci\u00f3n del Trabajo no registr\u00f3\ndenuncias por incumplimiento a este feriado en la regi\u00f3n. No obstante, a nivel\nnacional, fueron multadas 26 empresas durante la Navidad y A\u00f1o Nuevo, donde las\nsanciones aplicadas alcanzaron las multas de 455 Unidades Tributarias\nMensuales, vale decir, sobre 22 millones de pesos.<\/p>\n\n\n\n<p>Sobre lo mismo, Trivi\u00f1o record\u00f3 que \u201clas\nmultas por incumplimiento a este descanso van entre 5 a 20 Unidades Tributarias\nMensuales (UTM) por cada trabajador de la empresa que incumpla. Esto se traduce\nen eventuales multas de entre $248.115 a $992.460 por trabajador dependiente de\nla empresa que sea sorprendida en incumplimiento\u201d.<\/p>\n\n\n\n<p>Cabe recordar que son\nconsiderados como trabajadores del comercio todos aquellos que laboran en un\nestablecimiento de tal naturaleza y cuyas funciones se relacionen con el\nexpendio o venta directa al p\u00fablico de las mercader\u00edas o productos que en ellos\nse ofrecen.<\/p>\n\n\n\n<p>Se except\u00faan aquellos\ntrabajadores del comercio que se desempe\u00f1an en: clubes y restaurantes;\nestablecimientos de entretenimiento, tales como cines, espect\u00e1culos en vivo,\ndiscotecas, pub, cabaret; locales comerciales en los aer\u00f3dromos civiles\np\u00fablicos y aeropuertos; casinos de juegos y otros lugares de juegos legalmente\nautorizados; expendio de combustibles, farmacias de urgencia y farmacias que\ndeban cumplir turnos fijados por la autoridad sanitaria. Tambi\u00e9n deben trabajar\nlos dependientes de las llamadas \u00abtiendas de conveniencia\u00bb adosadas a\nlos servicentros si venden alimentos preparados all\u00ed mismo.<\/p>\n\n\n\n<p>Los establecimientos\ncomerciales atendidos por sus propios due\u00f1os y\/o familiares directos pueden abrir,\ndebido a que no existe relaci\u00f3n laboral en este caso.<\/p>\n\n\n\n<p>En caso de que no se cumpla\ncon la norma, el Seremi (s) se\u00f1al\u00f3 que las denuncias se pueden realizar en el\nsitio web de la Direcci\u00f3n del Trabajo, <a href=\"file:\/\/\/C:\/Users\/farab\/AppData\/Local\/Microsoft\/Windows\/INetCache\/Content.Outlook\/PS6MYKDA\/www.direcciondeltrabajo.cl\">www.direcciondeltrabajo.cl<\/a>, agregando que durante el\nferiado de Navidad, la DT en Magallanes recibi\u00f3 una denuncia por supuestas\nvulneraciones a la Ley que concluy\u00f3 sin multa, ya que no se constat\u00f3 infracci\u00f3n\ntras la respectiva fiscalizaci\u00f3n.<\/p>\n","protected":false},"excerpt":{"rendered":"<p>Luego que la Direcci\u00f3n regional del Trabajo no registrara infracciones por incumplimiento durante el reci\u00e9n pasado Feriado Irrenunciable del comercio en 25 de diciembre, la autoridad laboral de la zona,&#8230; <a class=\"read-more\" href=\"https:\/\/www.radiopresidenteibanez.cl\/web\/autoridad-laboral-recuerda-respetar-feriado-irrenunciable-en-ano-nuevo\/\">Leer m\u00e1s<\/a><\/p>\n","protected":false},"author":2,"featured_media":8737,"comment_status":"closed","ping_status":"closed","sticky":false,"template":"","format":"standard","meta":{"footnotes":""},"categories":[1],"tags":[],"class_list":["post-8736","post","type-post","status-publish","format-standard","has-post-thumbnail","hentry","category-cronica"],"_links":{"self":[{"href":"https:\/\/www.radiopresidenteibanez.cl\/web\/wp-json\/wp\/v2\/posts\/8736","targetHints":{"allow":["GET"]}}],"collection":[{"href":"https:\/\/www.radiopresidenteibanez.cl\/web\/wp-json\/wp\/v2\/posts"}],"about":[{"href":"https:\/\/www.radiopresidenteibanez.cl\/web\/wp-json\/wp\/v2\/types\/post"}],"author":[{"embeddable":true,"href":"https:\/\/www.radiopresidenteibanez.cl\/web\/wp-json\/wp\/v2\/users\/2"}],"replies":[{"embeddable":true,"href":"https:\/\/www.radiopresidenteibanez.cl\/web\/wp-json\/wp\/v2\/comments?post=8736"}],"version-history":[{"count":0,"href":"https:\/\/www.radiopresidenteibanez.cl\/web\/wp-json\/wp\/v2\/posts\/8736\/revisions"}],"wp:featuredmedia":[{"embeddable":true,"href":"https:\/\/www.radiopresidenteibanez.cl\/web\/wp-json\/wp\/v2\/media\/8737"}],"wp:attachment":[{"href":"https:\/\/www.radiopresidenteibanez.cl\/web\/wp-json\/wp\/v2\/media?parent=8736"}],"wp:term":[{"taxonomy":"category","embeddable":true,"href":"https:\/\/www.radiopresidenteibanez.cl\/web\/wp-json\/wp\/v2\/categories?post=8736"},{"taxonomy":"post_tag","embeddable":true,"href":"https:\/\/www.radiopresidenteibanez.cl\/web\/wp-json\/wp\/v2\/tags?post=8736"}],"curies":[{"name":"wp","href":"https:\/\/api.w.org\/{rel}","templated":true}]}}