{"id":8733,"date":"2019-12-31T15:19:00","date_gmt":"2019-12-31T15:19:00","guid":{"rendered":"https:\/\/www.radiopresidenteibanez.cl\/web\/?p=8733"},"modified":"2019-12-31T15:19:04","modified_gmt":"2019-12-31T15:19:04","slug":"hospital-dr-augusto-essmann-anuncia-cambio-de-empresa-de-traslado-de-usuarios","status":"publish","type":"post","link":"https:\/\/www.radiopresidenteibanez.cl\/web\/hospital-dr-augusto-essmann-anuncia-cambio-de-empresa-de-traslado-de-usuarios\/","title":{"rendered":"HOSPITAL DR. AUGUSTO ESSMANN ANUNCIA CAMBIO DE EMPRESA DE TRASLADO DE USUARIOS"},"content":{"rendered":"\n<p>A partir del 2 de enero del 2020, los pacientes derivados desde el Hospital Dr. Augusto Essmann Burgos hacia el Hospital Cl\u00ednico de Punta Arenas, lo har\u00e1n a trav\u00e9s de la empresa de transportes de personas Bus Sur.<\/p>\n\n\n\n<p>Al respecto, Caroline Ponce, Asistente Social del Hospital Dr. Augusto Essmann Burgos, se\u00f1al\u00f3 que \u201clo m\u00e1s importante es que la comunidad debe estar tranquila. Si bien es cierto que cambiamos de proveedor, hoy en d\u00eda la empresa que se adjudic\u00f3 la licitaci\u00f3n de los pasajes, Bus Sur, continuar\u00e1 con la modalidad que hemos ido trabajando con la empresa anterior: el usuario debe acercarse a nuestro Hospital, traer su hora o esa hora debe estar en el sistema y nosotros le vamos a entregar el o los pasajes seg\u00fan corresponda, para que puedan viajar y acceder a su atenci\u00f3n m\u00e9dica en el Hospital Cl\u00ednico de Punta Arenas. Lo m\u00e1s importante es que la comunidad debe estar tranquila porque se mantiene el beneficio de entrega de pasajes y seguimos con la misma modalidad que hemos ido siguiendo hasta ahora con la \u00fanica diferencia que cambiamos a la empresa que provee del Servicio\u201d.&nbsp;&nbsp;&nbsp;<\/p>\n\n\n\n<p>Esto luego de que Bus Sur se adjudicara la licitaci\u00f3n anual del Servicio que hasta el 31 de diciembre de este a\u00f1o est\u00e1 a cargo de Buses Fern\u00e1ndez.<\/p>\n\n\n\n<p>De esta manera, a partir del jueves 2 de enero nuestros usuarios derivados hacia Punta Arenas deber\u00e1n cumplir con el mismo procedimiento aplicado hasta ahora, que es acercarse a la ventanilla de SOME con su orden y hora m\u00e9dica, solicitar un ticket que deber\u00e1 hacer valer en la ventanilla de Bus Sur en el Rodoviario de Puerto Natales. En el caso de las Urgencias, el retiro comienza a operar a partir del 1 de enero del 2020.<\/p>\n","protected":false},"excerpt":{"rendered":"<p>A partir del 2 de enero del 2020, los pacientes derivados desde el Hospital Dr. Augusto Essmann Burgos hacia el Hospital Cl\u00ednico de Punta Arenas, lo har\u00e1n a trav\u00e9s de&#8230; <a class=\"read-more\" href=\"https:\/\/www.radiopresidenteibanez.cl\/web\/hospital-dr-augusto-essmann-anuncia-cambio-de-empresa-de-traslado-de-usuarios\/\">Leer m\u00e1s<\/a><\/p>\n","protected":false},"author":2,"featured_media":8734,"comment_status":"closed","ping_status":"closed","sticky":false,"template":"","format":"standard","meta":{"footnotes":""},"categories":[1],"tags":[],"class_list":["post-8733","post","type-post","status-publish","format-standard","has-post-thumbnail","hentry","category-cronica"],"_links":{"self":[{"href":"https:\/\/www.radiopresidenteibanez.cl\/web\/wp-json\/wp\/v2\/posts\/8733","targetHints":{"allow":["GET"]}}],"collection":[{"href":"https:\/\/www.radiopresidenteibanez.cl\/web\/wp-json\/wp\/v2\/posts"}],"about":[{"href":"https:\/\/www.radiopresidenteibanez.cl\/web\/wp-json\/wp\/v2\/types\/post"}],"author":[{"embeddable":true,"href":"https:\/\/www.radiopresidenteibanez.cl\/web\/wp-json\/wp\/v2\/users\/2"}],"replies":[{"embeddable":true,"href":"https:\/\/www.radiopresidenteibanez.cl\/web\/wp-json\/wp\/v2\/comments?post=8733"}],"version-history":[{"count":0,"href":"https:\/\/www.radiopresidenteibanez.cl\/web\/wp-json\/wp\/v2\/posts\/8733\/revisions"}],"wp:featuredmedia":[{"embeddable":true,"href":"https:\/\/www.radiopresidenteibanez.cl\/web\/wp-json\/wp\/v2\/media\/8734"}],"wp:attachment":[{"href":"https:\/\/www.radiopresidenteibanez.cl\/web\/wp-json\/wp\/v2\/media?parent=8733"}],"wp:term":[{"taxonomy":"category","embeddable":true,"href":"https:\/\/www.radiopresidenteibanez.cl\/web\/wp-json\/wp\/v2\/categories?post=8733"},{"taxonomy":"post_tag","embeddable":true,"href":"https:\/\/www.radiopresidenteibanez.cl\/web\/wp-json\/wp\/v2\/tags?post=8733"}],"curies":[{"name":"wp","href":"https:\/\/api.w.org\/{rel}","templated":true}]}}