{"id":8719,"date":"2019-12-30T18:48:56","date_gmt":"2019-12-30T18:48:56","guid":{"rendered":"https:\/\/www.radiopresidenteibanez.cl\/web\/?p=8719"},"modified":"2019-12-30T18:49:00","modified_gmt":"2019-12-30T18:49:00","slug":"la-guerra-del-don-por-pablo-cruz","status":"publish","type":"post","link":"https:\/\/www.radiopresidenteibanez.cl\/web\/la-guerra-del-don-por-pablo-cruz\/","title":{"rendered":"LA GUERRA DEL DON por PABLO CRUZ"},"content":{"rendered":"\n<p>En 1920, cuando los conservadores perd\u00edan, como casi\nnunca, una elecci\u00f3n presidencial y aparec\u00eda como reformista Arturo Alessandri,\nel presidente Sanfuentes no encontr\u00f3 nada mejor que inventar una supuesta\nguerra con Bolivia. Se conoci\u00f3 como \u201cla guerra de don&nbsp; Ladislao\u201d, por el ministro de Guerra Ladislao\nErr\u00e1zuriz.<\/p>\n\n\n\n<p>La imprudente e irresponsable maniobra pol\u00edtica deriv\u00f3\nen ataques contra quienes rechazaban la maniobra conservadora, entre otros, el\nsaqueo e incendio de la Federaci\u00f3n de Estudiantes de Chile, en Santiago, y el\nsaqueo e incendio de la Federaci\u00f3n Obrera, en Magallanes, acusados de\nantipatriotas.<\/p>\n\n\n\n<p>Hoy, otro presidente&nbsp;\ninvent\u00f3 tambi\u00e9n su guerra, al parecer suponiendo que las protestas contra\nlos abusos y la inequidad no pod\u00edan ser espont\u00e1neas de los chilenos, siempre\ntan sumisos y acostumbrados a aguantar todo lo que los gobiernos, y otros\nsectores poderosos, impusieran.<\/p>\n\n\n\n<p>As\u00ed es que se ten\u00eda que tratar de una guerra externa, por\nlo que el gobierno asegur\u00f3 que se trataba de acciones concertadas de activistas\nextranjeros. El fiscal que investiga los desmanes, declar\u00f3 a los medios period\u00edsticos\nque no hab\u00eda ninguna evidencia de la presencia de extranjeros.<\/p>\n\n\n\n<p>El gobierno reaccion\u00f3 molesto y entreg\u00f3 al Ministerio\nP\u00fablico un informe secreto entregado por la Agencia de Inteligencia gubernamental\nque \u201cprobaba\u201d la injerencia extranjera reproduciendo declaraciones de Mon Laferte,\nde conocidos futbolistas (ninguno de ellos extranjeros) y de un grupo de rock\nde Corea del Sur.<\/p>\n\n\n\n<p>Conocido el informe trucho, fue desacreditado por\nexpertos y la guerra de extranjeros qued\u00f3 en rid\u00edculo, no solo nacional, sino internacional\ncomo lo publicaron medios de Corea del Sur.<\/p>\n\n\n\n<p>Los memes ri\u00e9ndose del gobierno chileno se han vuelto\nvirales.<\/p>\n\n\n\n<p>Pero el gobierno sigue en guerra, con un coronel, el\nintendente de Santiago, que manda mil carabineros para impedir las protestas\nciudadanas que, pese a los guerreros, seguir\u00e1n.<\/p>\n","protected":false},"excerpt":{"rendered":"<p>En 1920, cuando los conservadores perd\u00edan, como casi nunca, una elecci\u00f3n presidencial y aparec\u00eda como reformista Arturo Alessandri, el presidente Sanfuentes no encontr\u00f3 nada mejor que inventar una supuesta guerra&#8230; <a class=\"read-more\" href=\"https:\/\/www.radiopresidenteibanez.cl\/web\/la-guerra-del-don-por-pablo-cruz\/\">Leer m\u00e1s<\/a><\/p>\n","protected":false},"author":2,"featured_media":6141,"comment_status":"closed","ping_status":"closed","sticky":false,"template":"","format":"standard","meta":{"footnotes":""},"categories":[1],"tags":[],"class_list":["post-8719","post","type-post","status-publish","format-standard","has-post-thumbnail","hentry","category-cronica"],"_links":{"self":[{"href":"https:\/\/www.radiopresidenteibanez.cl\/web\/wp-json\/wp\/v2\/posts\/8719","targetHints":{"allow":["GET"]}}],"collection":[{"href":"https:\/\/www.radiopresidenteibanez.cl\/web\/wp-json\/wp\/v2\/posts"}],"about":[{"href":"https:\/\/www.radiopresidenteibanez.cl\/web\/wp-json\/wp\/v2\/types\/post"}],"author":[{"embeddable":true,"href":"https:\/\/www.radiopresidenteibanez.cl\/web\/wp-json\/wp\/v2\/users\/2"}],"replies":[{"embeddable":true,"href":"https:\/\/www.radiopresidenteibanez.cl\/web\/wp-json\/wp\/v2\/comments?post=8719"}],"version-history":[{"count":0,"href":"https:\/\/www.radiopresidenteibanez.cl\/web\/wp-json\/wp\/v2\/posts\/8719\/revisions"}],"wp:featuredmedia":[{"embeddable":true,"href":"https:\/\/www.radiopresidenteibanez.cl\/web\/wp-json\/wp\/v2\/media\/6141"}],"wp:attachment":[{"href":"https:\/\/www.radiopresidenteibanez.cl\/web\/wp-json\/wp\/v2\/media?parent=8719"}],"wp:term":[{"taxonomy":"category","embeddable":true,"href":"https:\/\/www.radiopresidenteibanez.cl\/web\/wp-json\/wp\/v2\/categories?post=8719"},{"taxonomy":"post_tag","embeddable":true,"href":"https:\/\/www.radiopresidenteibanez.cl\/web\/wp-json\/wp\/v2\/tags?post=8719"}],"curies":[{"name":"wp","href":"https:\/\/api.w.org\/{rel}","templated":true}]}}