{"id":8717,"date":"2019-12-30T12:50:02","date_gmt":"2019-12-30T12:50:02","guid":{"rendered":"https:\/\/www.radiopresidenteibanez.cl\/web\/?p=8717"},"modified":"2019-12-30T12:50:07","modified_gmt":"2019-12-30T12:50:07","slug":"el-ano-decisivo-por-ernesto-sepulveda","status":"publish","type":"post","link":"https:\/\/www.radiopresidenteibanez.cl\/web\/el-ano-decisivo-por-ernesto-sepulveda\/","title":{"rendered":"EL A\u00d1O DECISIVO por ERNESTO SEPULVEDA"},"content":{"rendered":"\n<p>Durante la larga lucha por\nrecuperar la democracia en Chile, hubo varios momentos definidos como\n\u201cdecisivos\u201d. Tal vez el m\u00e1s importante fue cuando se determin\u00f3 que el a\u00f1o 1987\nser\u00eda el \u201cA\u00f1o decisivo\u201d. Las protestas de la oposici\u00f3n que se hab\u00eda iniciado el\na\u00f1o 1983, iban in crecendo, por todo Chile, las acciones de desobediencia\ncivil, se multiplicaban. Manifestaciones masivas, pero tambi\u00e9n acciones de\ngrupos armados, cuyo momento culmine fue el atentado en contra del dictador.\nC\u00f3mo se lleg\u00f3 despu\u00e9s a una transici\u00f3n pactada entre la oposici\u00f3n moderada y el\nr\u00e9gimen, ha sido ya materia de anteriores columnas. Lo que me interesa\nrescatar, como en la historia pol\u00edtica de Chile, fechas simb\u00f3licas, dan inicio,\no abren v\u00edas para encauzar el proceso social.<\/p>\n\n\n\n<p>Es el caso de a\u00f1o 2019, a\npartir del 18 de octubre, es como si el a\u00f1o reci\u00e9n hubiese iniciado all\u00ed. Los\ncomplejos procesos desencadenados por el \u201cestallido social\u201d, han prolongado el\nmes de octubre m\u00e1s de 70 d\u00edas. Y para muchos, implicar\u00e1 que el a\u00f1o 2019 reci\u00e9n\nconcluir\u00e1 en abril de 2020, con el plebiscito.<\/p>\n\n\n\n<p>Vivimos momentos de tensi\u00f3n\nhist\u00f3rica, caracter\u00edsticos de los cambios de ciclo. Estamos llegando al t\u00e9rmino\nde la transici\u00f3n a la democracia. En efecto, lo que se supone hab\u00eda ocurrido en\nlos 90, realmente va a ocurrir, con el fin de la constituci\u00f3n de Guzm\u00e1n y\nPinochet. Son tiempos que generan incertidumbre, pero a la vez, son fuente de\nuna energ\u00eda muy potente, que surge de las movilizaciones sociales. Es la\nenerg\u00eda necesaria, para dejar atr\u00e1s el viejo mundo, las viejas formas. De alg\u00fan\nmodo, la idea de que nazca un nuevo Chile, una nueva sociedad, con el proceso\nconstituyente, es lo que une a los distintos cambios de ciclo hist\u00f3rico. Desde\nnuestra independencia del imperio espa\u00f1ol, hasta nuestros d\u00edas.<\/p>\n\n\n\n<p>El a\u00f1o 2019, tambi\u00e9n ha sido\nen lo personal, un a\u00f1o de definiciones, un a\u00f1o para volver a nacer, y volver a\ncreer. Ha sido para m\u00ed tambi\u00e9n el a\u00f1o del cambio de ciclo. Tanto en el plano\nlaboral, donde dej\u00e9 el empleo p\u00fablico que serv\u00ed por 26 a\u00f1os. Como en el plano\npersonal, donde pas\u00e9 a la solter\u00eda despu\u00e9s de 28 a\u00f1os. Pero tambi\u00e9n en el\npol\u00edtico, donde renunci\u00e9&nbsp;&nbsp;al Partido Socialista, despu\u00e9s de 24 a\u00f1os\nde militancia.<\/p>\n\n\n\n<p>La sensaci\u00f3n de libertad que\nse experimenta, cuando se toman decisiones en el plano personal, es invaluable.\nDe alguna manera todas las mencionadas, tienen una matriz o un origen com\u00fan,\nson fruto de una reflexi\u00f3n profunda y prolongada.<\/p>\n\n\n\n<p>Nuestra historia como seres\nindividuales, y como miembros de un colectivo, se entrelaza, en relaciones\ncomplejas. La mejor comprensi\u00f3n de estas relaciones que se est\u00e1n dando hoy en\nnuestra sociedad, es lo que nos permitir\u00e1 alcanzar el mas alto grado de\nfelicidad a la que podemos aspirar.<\/p>\n\n\n\n<p>El a\u00f1o 2019, nos muestra como\nla forma en que ve\u00edamos y comprend\u00edamos la realidad, era una forma sesgada,\nparcial. Aprendimos que las fracturas sociales y econ\u00f3micas, han producido\nheridas en el alma nacional, que debemos sanar entre todos. El a\u00f1o 2019,\ndemostr\u00f3 en Chile, que la divisi\u00f3n del espectro pol\u00edtico entre derechas e\nizquierdas, ya no da cuenta de la realidad. El surgimiento de una multiplicidad\nde voces, no representadas por los partidos tradicionales, llev\u00f3 a una\nobsolescencia no programada a casi todo el espectro conocido.&nbsp;&nbsp;El tema\nmedioambiental, el tema de g\u00e9nero, derechos de los primeros pueblos, deben ir\nde la mano con una visi\u00f3n de desarrollo, integral, y territorialmente\ndescentralizado.<\/p>\n\n\n\n<p>Para que podamos iniciar este\nnuevo camino, con plena libertad y autonom\u00eda, debemos dejar atr\u00e1s las anteojeras\nideol\u00f3gicas, propias de la guerra fr\u00eda que siguen marcando el devenir pol\u00edtico\nde Chile. Es demasiado importante la tarea que tenemos por delante, para\ndetenernos en disputas caudillistas o de peque\u00f1a pol\u00edtica. Es hora de la mas\namplia unidad, para iniciar la construcci\u00f3n de nuestra nueva casa com\u00fan.<\/p>\n\n\n\n<p>A\u00f1o 2019, el a\u00f1o decisivo.<\/p>\n\n\n\n<p>Soy Ernesto Sep\u00falveda en\n\u201cCr\u00f3nicas de la Patagonia\u201d.<\/p>\n\n\n\n<p>Punta Arenas, Lunes 30 de\ndiciembre de 2019.<\/p>\n","protected":false},"excerpt":{"rendered":"<p>Durante la larga lucha por recuperar la democracia en Chile, hubo varios momentos definidos como \u201cdecisivos\u201d. Tal vez el m\u00e1s importante fue cuando se determin\u00f3 que el a\u00f1o 1987 ser\u00eda&#8230; <a class=\"read-more\" href=\"https:\/\/www.radiopresidenteibanez.cl\/web\/el-ano-decisivo-por-ernesto-sepulveda\/\">Leer m\u00e1s<\/a><\/p>\n","protected":false},"author":2,"featured_media":2310,"comment_status":"closed","ping_status":"closed","sticky":false,"template":"","format":"standard","meta":{"footnotes":""},"categories":[1],"tags":[],"class_list":["post-8717","post","type-post","status-publish","format-standard","has-post-thumbnail","hentry","category-cronica"],"_links":{"self":[{"href":"https:\/\/www.radiopresidenteibanez.cl\/web\/wp-json\/wp\/v2\/posts\/8717","targetHints":{"allow":["GET"]}}],"collection":[{"href":"https:\/\/www.radiopresidenteibanez.cl\/web\/wp-json\/wp\/v2\/posts"}],"about":[{"href":"https:\/\/www.radiopresidenteibanez.cl\/web\/wp-json\/wp\/v2\/types\/post"}],"author":[{"embeddable":true,"href":"https:\/\/www.radiopresidenteibanez.cl\/web\/wp-json\/wp\/v2\/users\/2"}],"replies":[{"embeddable":true,"href":"https:\/\/www.radiopresidenteibanez.cl\/web\/wp-json\/wp\/v2\/comments?post=8717"}],"version-history":[{"count":0,"href":"https:\/\/www.radiopresidenteibanez.cl\/web\/wp-json\/wp\/v2\/posts\/8717\/revisions"}],"wp:featuredmedia":[{"embeddable":true,"href":"https:\/\/www.radiopresidenteibanez.cl\/web\/wp-json\/wp\/v2\/media\/2310"}],"wp:attachment":[{"href":"https:\/\/www.radiopresidenteibanez.cl\/web\/wp-json\/wp\/v2\/media?parent=8717"}],"wp:term":[{"taxonomy":"category","embeddable":true,"href":"https:\/\/www.radiopresidenteibanez.cl\/web\/wp-json\/wp\/v2\/categories?post=8717"},{"taxonomy":"post_tag","embeddable":true,"href":"https:\/\/www.radiopresidenteibanez.cl\/web\/wp-json\/wp\/v2\/tags?post=8717"}],"curies":[{"name":"wp","href":"https:\/\/api.w.org\/{rel}","templated":true}]}}