{"id":8709,"date":"2019-12-29T22:11:06","date_gmt":"2019-12-29T22:11:06","guid":{"rendered":"https:\/\/www.radiopresidenteibanez.cl\/web\/?p=8709"},"modified":"2019-12-29T22:11:09","modified_gmt":"2019-12-29T22:11:09","slug":"120-competidores-participaron-de-primer-campeonato-municipal-de-padel","status":"publish","type":"post","link":"https:\/\/www.radiopresidenteibanez.cl\/web\/120-competidores-participaron-de-primer-campeonato-municipal-de-padel\/","title":{"rendered":"120 COMPETIDORES PARTICIPARON DE PRIMER CAMPEONATO MUNICIPAL DE P\u00c1DEL"},"content":{"rendered":"\n<p>En el marco del aniversario de Punta Arenas, el Municipio local puso fin al Primer Campeonato de P\u00e1del \u201cPrimera Copa Ciudad de Punta Arenas\u201d, que cont\u00f3 con 120 competidores (60 duplas) inscritas, entre quienes se encontraban grandes exponentes de R\u00edo Gallegos y R\u00edo Grande.<\/p>\n\n\n\n<p>El evento tuvo una duraci\u00f3n de cinco d\u00edas y fue organizado desde la Fundaci\u00f3n Municipal de Deportes de Punta Arenas.<\/p>\n\n\n\n<p>\u201cEn nuestra ciudad hay muchas personas que juegan p\u00e1del y que est\u00e1n invisibilizadas, finalmente, porque hay deportes de m\u00e1s convocatoria. Por eso es que durante el invierno nos comprometimos con los deportistas del p\u00e1del, para hacer esta primera Copa Ciudad de Punta Arenas por nuestro aniversario, y fue todo un \u00e9xito\u201d, indic\u00f3 el alcalde, Claudio Radonich.<br> <\/p>\n\n\n\n<p>Por su parte, el productor del evento, V\u00edctor Escalona, indic\u00f3 que \u201cseguimos fomentando el p\u00e1del, que es lo importante, que la gente se d\u00e9 cuenta que es un deporte abierto para todos y no solamente apunta a un segmento de gente, que es muy sociable y que tambi\u00e9n llama a que se pueda venir en familia a disfrutar de una jornada de finales muy entretenida\u201d.<br> <br> Los ganadores fueron los siguientes:<br> 1era categor\u00eda: La dupla compuesta por Iv\u00e1n Gallardo \/ Julio Andrade<br> 2da categor\u00eda: La dupla compuesta por Juan Alvarado \/ Jos\u00e9 Alvarado<br> 3era categor\u00eda: La dupla compuesta por Nicol\u00e1s Mart\u00ednez \/ Eduardo Mercado<br> 4ta categor\u00eda: La dupla compuesta por Nelson \u00c1lvarez \/ Mart\u00edn \u00c1lvarez<br> 5ta categor\u00eda: La dupla compuesta por Gerardo Men\u00e9ndez \/ Dante Vargas<br> Mixtos: La dupla compuesta por Nesla Mu\u00f1oz \/ Tom\u00e1s Mathieu<\/p>\n","protected":false},"excerpt":{"rendered":"<p>En el marco del aniversario de Punta Arenas, el Municipio local puso fin al Primer Campeonato de P\u00e1del \u201cPrimera Copa Ciudad de Punta Arenas\u201d, que cont\u00f3 con 120 competidores (60&#8230; <a class=\"read-more\" href=\"https:\/\/www.radiopresidenteibanez.cl\/web\/120-competidores-participaron-de-primer-campeonato-municipal-de-padel\/\">Leer m\u00e1s<\/a><\/p>\n","protected":false},"author":2,"featured_media":8710,"comment_status":"closed","ping_status":"closed","sticky":false,"template":"","format":"standard","meta":{"footnotes":""},"categories":[3],"tags":[],"class_list":["post-8709","post","type-post","status-publish","format-standard","has-post-thumbnail","hentry","category-deportes"],"_links":{"self":[{"href":"https:\/\/www.radiopresidenteibanez.cl\/web\/wp-json\/wp\/v2\/posts\/8709","targetHints":{"allow":["GET"]}}],"collection":[{"href":"https:\/\/www.radiopresidenteibanez.cl\/web\/wp-json\/wp\/v2\/posts"}],"about":[{"href":"https:\/\/www.radiopresidenteibanez.cl\/web\/wp-json\/wp\/v2\/types\/post"}],"author":[{"embeddable":true,"href":"https:\/\/www.radiopresidenteibanez.cl\/web\/wp-json\/wp\/v2\/users\/2"}],"replies":[{"embeddable":true,"href":"https:\/\/www.radiopresidenteibanez.cl\/web\/wp-json\/wp\/v2\/comments?post=8709"}],"version-history":[{"count":0,"href":"https:\/\/www.radiopresidenteibanez.cl\/web\/wp-json\/wp\/v2\/posts\/8709\/revisions"}],"wp:featuredmedia":[{"embeddable":true,"href":"https:\/\/www.radiopresidenteibanez.cl\/web\/wp-json\/wp\/v2\/media\/8710"}],"wp:attachment":[{"href":"https:\/\/www.radiopresidenteibanez.cl\/web\/wp-json\/wp\/v2\/media?parent=8709"}],"wp:term":[{"taxonomy":"category","embeddable":true,"href":"https:\/\/www.radiopresidenteibanez.cl\/web\/wp-json\/wp\/v2\/categories?post=8709"},{"taxonomy":"post_tag","embeddable":true,"href":"https:\/\/www.radiopresidenteibanez.cl\/web\/wp-json\/wp\/v2\/tags?post=8709"}],"curies":[{"name":"wp","href":"https:\/\/api.w.org\/{rel}","templated":true}]}}