{"id":8706,"date":"2019-12-29T21:39:32","date_gmt":"2019-12-29T21:39:32","guid":{"rendered":"https:\/\/www.radiopresidenteibanez.cl\/web\/?p=8706"},"modified":"2019-12-29T21:39:35","modified_gmt":"2019-12-29T21:39:35","slug":"masiva-afluencia-de-publico-en-la-ultima-feria-saludable-del-2019","status":"publish","type":"post","link":"https:\/\/www.radiopresidenteibanez.cl\/web\/masiva-afluencia-de-publico-en-la-ultima-feria-saludable-del-2019\/","title":{"rendered":"MASIVA AFLUENCIA DE P\u00daBLICO EN LA \u00daLTIMA FERIA SALUDABLE DEL 2019"},"content":{"rendered":"\n<p>M\u00e1s de 2 mil personas llegaron hasta la Escuela Portugal de nuestra ciudad, con el fin de adquirir Frutas, Verduras, Plantas y Flores Regionales, en la \u00faltima Feria Saludable del a\u00f1o, organizada por la Municipalidad de Punta Arenas.<\/p>\n\n\n\n<p>\u201cAqu\u00ed no s\u00f3lo tenemos los mejores productos locales, sino que tambi\u00e9n implementamos ex\u00e1menes preventivos a trav\u00e9s del \u00c1rea de Salud de la Cormupa, lo que nos permite alertar a nuestros vecinos ante posibles problemas vinculados al colesterol, diabetes entre otros indicadores\u201d, explic\u00f3 el alcalde Claudio Radonich.<\/p>\n\n\n\n<p>En cuanto a las pr\u00f3ximas Ferias de la cuarta temporada, la autoridad comunal reiter\u00f3 que el d\u00eda s\u00e1bado 18 de enero se desarrollar\u00e1 la primera versi\u00f3n 2020 en la Escuela Portugal a partir de las 10 de la ma\u00f1ana.<\/p>\n\n\n\n<p>Esta iniciativa, impulsada por la Municipalidad de Punta Arenas a trav\u00e9s de la Direcci\u00f3n Desarrollo Econ\u00f3mico Local, ofrece una diversidad de productos que abarcan desde frutas, verduras, hortalizas y plantas regionales a valores econ\u00f3micos, con el concepto del Comercio Justo.<\/p>\n\n\n\n<p>Durante la jornada se sortearon dos canastas de productos para los asistentes, las que quedaron en manos de Estefan\u00eda Ulloa y Tatiana Aravena.<\/p>\n","protected":false},"excerpt":{"rendered":"<p>M\u00e1s de 2 mil personas llegaron hasta la Escuela Portugal de nuestra ciudad, con el fin de adquirir Frutas, Verduras, Plantas y Flores Regionales, en la \u00faltima Feria Saludable del&#8230; <a class=\"read-more\" href=\"https:\/\/www.radiopresidenteibanez.cl\/web\/masiva-afluencia-de-publico-en-la-ultima-feria-saludable-del-2019\/\">Leer m\u00e1s<\/a><\/p>\n","protected":false},"author":2,"featured_media":8707,"comment_status":"closed","ping_status":"closed","sticky":false,"template":"","format":"standard","meta":{"footnotes":""},"categories":[1],"tags":[],"class_list":["post-8706","post","type-post","status-publish","format-standard","has-post-thumbnail","hentry","category-cronica"],"_links":{"self":[{"href":"https:\/\/www.radiopresidenteibanez.cl\/web\/wp-json\/wp\/v2\/posts\/8706","targetHints":{"allow":["GET"]}}],"collection":[{"href":"https:\/\/www.radiopresidenteibanez.cl\/web\/wp-json\/wp\/v2\/posts"}],"about":[{"href":"https:\/\/www.radiopresidenteibanez.cl\/web\/wp-json\/wp\/v2\/types\/post"}],"author":[{"embeddable":true,"href":"https:\/\/www.radiopresidenteibanez.cl\/web\/wp-json\/wp\/v2\/users\/2"}],"replies":[{"embeddable":true,"href":"https:\/\/www.radiopresidenteibanez.cl\/web\/wp-json\/wp\/v2\/comments?post=8706"}],"version-history":[{"count":0,"href":"https:\/\/www.radiopresidenteibanez.cl\/web\/wp-json\/wp\/v2\/posts\/8706\/revisions"}],"wp:featuredmedia":[{"embeddable":true,"href":"https:\/\/www.radiopresidenteibanez.cl\/web\/wp-json\/wp\/v2\/media\/8707"}],"wp:attachment":[{"href":"https:\/\/www.radiopresidenteibanez.cl\/web\/wp-json\/wp\/v2\/media?parent=8706"}],"wp:term":[{"taxonomy":"category","embeddable":true,"href":"https:\/\/www.radiopresidenteibanez.cl\/web\/wp-json\/wp\/v2\/categories?post=8706"},{"taxonomy":"post_tag","embeddable":true,"href":"https:\/\/www.radiopresidenteibanez.cl\/web\/wp-json\/wp\/v2\/tags?post=8706"}],"curies":[{"name":"wp","href":"https:\/\/api.w.org\/{rel}","templated":true}]}}