{"id":8703,"date":"2019-12-29T21:35:02","date_gmt":"2019-12-29T21:35:02","guid":{"rendered":"https:\/\/www.radiopresidenteibanez.cl\/web\/?p=8703"},"modified":"2019-12-29T21:35:08","modified_gmt":"2019-12-29T21:35:08","slug":"guido-kusanovic-insistio-en-la-necesidad-de-no-temer-a-los-desafios-que-impone-una-sociedad-que-clama-bienestar-energias-limpias-y-justicia-social","status":"publish","type":"post","link":"https:\/\/www.radiopresidenteibanez.cl\/web\/guido-kusanovic-insistio-en-la-necesidad-de-no-temer-a-los-desafios-que-impone-una-sociedad-que-clama-bienestar-energias-limpias-y-justicia-social\/","title":{"rendered":"GUIDO KUSANOVIC INSISTI\u00d3 EN LA NECESIDAD DE NO TEMER A LOS DESAF\u00cdOS QUE IMPONE UNA SOCIEDAD QUE CLAMA BIENESTAR, ENERG\u00cdAS LIMPIAS Y JUSTICIA SOCIAL"},"content":{"rendered":"\n<p>En el marco de la conmemoraci\u00f3n del descubrimiento del petr\u00f3leo en Magallanes (29 de diciembre de 1945) el presidente del Sindicato de Profesionales de Enap Magallanes, Guido Kusanovic, junto con entregar su reconocimiento y saludo a los socios y trabajadores premiados por a\u00f1os de servicio, se refiri\u00f3 en primer t\u00e9rmino al duro momento que signific\u00f3 la desvinculaci\u00f3n -iniciando el 2019- de muchos trabajadores de Enap Magallanes, catalog\u00e1ndolo como un hecho doloroso y traum\u00e1tico, que golpe\u00f3 duramente a la organizaci\u00f3n sindical que lidera.<\/p>\n\n\n\n<p>Frente a este mismo tema el dirigente de los Profesionales record\u00f3 que, \u201csiempre se enarbolaron argumento econ\u00f3micos y en el transcurso del a\u00f1o se corrobor\u00f3 lo que el mundo sindical ya ven\u00eda denunciando desde el a\u00f1o 2018: una serie de irregularidades que afectaron y comprometieron el patrimonio de la empresa\u201d.<\/p>\n\n\n\n<p>Kusanovic reiter\u00f3 el llamado a actuar con tolerancia cero ante cualquier atisbo de corrupci\u00f3n, &nbsp;agregando que esta pol\u00edtica debe ir asociada a un fortalecimiento de las instituciones internas de auditor\u00eda y compliance, \u201clas cuales en el pasado por diversas razones no actuaron adecuadamente\u201d, se\u00f1al\u00f3.<\/p>\n\n\n\n<p>El l\u00edder de los profesionales se refiri\u00f3 al estallido social y al rol que le compete a Enap en torno a los desaf\u00edos energ\u00e9ticos para la regi\u00f3n y el pa\u00eds, que debiera plantearse la empresa en el corto plazo. \u201cEl acceso a una energ\u00eda limpia y de menor costo debe llegar a todos los sectores y comunidades de la regi\u00f3n de Magallanes. No pueden haber ciudadanos de primera o segunda categor\u00eda\u201d, se\u00f1al\u00f3 categ\u00f3ricamente. De igual forma insisti\u00f3 en la responsabilidad de construir una soluci\u00f3n energ\u00e9tica para la comuna de Cabo de Hornos en Puerto Williams, donde hoy se siguen quemando bosques sub ant\u00e1rticos. \u201cComo empresa tenemos el deber de ser facilitadores de una soluci\u00f3n. En definitiva lo que queremos transmitir es que nuestra empresa debe retomar su rol estrat\u00e9gico y no temer a los desaf\u00edos que impone una sociedad que clama bienestar, energ\u00eda limpias y justicia social\u201d, concluy\u00f3.<\/p>\n\n\n\n<p>Imagen: Angel Araya<\/p>\n","protected":false},"excerpt":{"rendered":"<p>En el marco de la conmemoraci\u00f3n del descubrimiento del petr\u00f3leo en Magallanes (29 de diciembre de 1945) el presidente del Sindicato de Profesionales de Enap Magallanes, Guido Kusanovic, junto con&#8230; <a class=\"read-more\" href=\"https:\/\/www.radiopresidenteibanez.cl\/web\/guido-kusanovic-insistio-en-la-necesidad-de-no-temer-a-los-desafios-que-impone-una-sociedad-que-clama-bienestar-energias-limpias-y-justicia-social\/\">Leer m\u00e1s<\/a><\/p>\n","protected":false},"author":2,"featured_media":8704,"comment_status":"closed","ping_status":"closed","sticky":false,"template":"","format":"standard","meta":{"footnotes":""},"categories":[1],"tags":[],"class_list":["post-8703","post","type-post","status-publish","format-standard","has-post-thumbnail","hentry","category-cronica"],"_links":{"self":[{"href":"https:\/\/www.radiopresidenteibanez.cl\/web\/wp-json\/wp\/v2\/posts\/8703","targetHints":{"allow":["GET"]}}],"collection":[{"href":"https:\/\/www.radiopresidenteibanez.cl\/web\/wp-json\/wp\/v2\/posts"}],"about":[{"href":"https:\/\/www.radiopresidenteibanez.cl\/web\/wp-json\/wp\/v2\/types\/post"}],"author":[{"embeddable":true,"href":"https:\/\/www.radiopresidenteibanez.cl\/web\/wp-json\/wp\/v2\/users\/2"}],"replies":[{"embeddable":true,"href":"https:\/\/www.radiopresidenteibanez.cl\/web\/wp-json\/wp\/v2\/comments?post=8703"}],"version-history":[{"count":0,"href":"https:\/\/www.radiopresidenteibanez.cl\/web\/wp-json\/wp\/v2\/posts\/8703\/revisions"}],"wp:featuredmedia":[{"embeddable":true,"href":"https:\/\/www.radiopresidenteibanez.cl\/web\/wp-json\/wp\/v2\/media\/8704"}],"wp:attachment":[{"href":"https:\/\/www.radiopresidenteibanez.cl\/web\/wp-json\/wp\/v2\/media?parent=8703"}],"wp:term":[{"taxonomy":"category","embeddable":true,"href":"https:\/\/www.radiopresidenteibanez.cl\/web\/wp-json\/wp\/v2\/categories?post=8703"},{"taxonomy":"post_tag","embeddable":true,"href":"https:\/\/www.radiopresidenteibanez.cl\/web\/wp-json\/wp\/v2\/tags?post=8703"}],"curies":[{"name":"wp","href":"https:\/\/api.w.org\/{rel}","templated":true}]}}