{"id":8699,"date":"2019-12-27T19:38:19","date_gmt":"2019-12-27T19:38:19","guid":{"rendered":"https:\/\/www.radiopresidenteibanez.cl\/web\/?p=8699"},"modified":"2019-12-27T19:38:23","modified_gmt":"2019-12-27T19:38:23","slug":"invitan-a-la-comunidad-magallanica-a-participar-en-la-segunda-consulta-ciudadana-de-discriminacion-bajo-el-lema-yoterespeto","status":"publish","type":"post","link":"https:\/\/www.radiopresidenteibanez.cl\/web\/invitan-a-la-comunidad-magallanica-a-participar-en-la-segunda-consulta-ciudadana-de-discriminacion-bajo-el-lema-yoterespeto\/","title":{"rendered":"INVITAN A LA COMUNIDAD MAGALL\u00c1NICA A PARTICIPAR EN LA SEGUNDA CONSULTA CIUDADANA DE DISCRIMINACI\u00d3N BAJO EL LEMA #YOTERESPETO"},"content":{"rendered":"\n<p>En el sal\u00f3n Nelda Panicucci de la\nintendencia regional, se realiz\u00f3 este viernes el lanzamiento de la Segunda\nConsulta Ciudadana de Discriminaci\u00f3n junto a la campa\u00f1a de sensibilizaci\u00f3n \u201cYo\nte respeto\u201c. La ceremonia que fue encabezada por el intendente Jos\u00e9 Fern\u00e1ndez y\nla seremi de Gobierno, Alejandra Mu\u00f1oz, tambi\u00e9n cont\u00f3 con la presencia de los\ngobernadores, secretarios regionales ministeriales, directores de servicio y\norganizaciones de la sociedad civil. <\/p>\n\n\n\n<p>En el encuentro, la vocera del\nGobierno Regional, manifest\u00f3 que \u201chay un compromiso del Presidente Sebasti\u00e1n\nPi\u00f1era por perfeccionar la Ley Antidiscriminaci\u00f3n y as\u00ed elaborar una pol\u00edtica\nnacional antidiscriminaci\u00f3n para todos los \u00f3rganos de la Administraci\u00f3n del\nEstado. Hoy, lanzamos esta Consulta Ciudadana que busca conocer las opiniones\nde los ciudadanos, de los magall\u00e1nicos, para as\u00ed perfeccionar la Ley vigente\u201d.<\/p>\n\n\n\n<p>La seremi Mu\u00f1oz destac\u00f3 que \u201cpara\nel Gobierno es importante conocer la percepci\u00f3n de la ciudadan\u00eda, porque la\nsociedad es diversa, es heterog\u00e9nea y todos debemos tener un espacio digno en\nella. Queremos un pa\u00eds respetuoso, que acepte las diferencias, que aprenda de\nellas y donde sobre todo, tengamos di\u00e1logo y debate. Un Chile que incluye, no\nque excluye\u201d.&nbsp; <\/p>\n\n\n\n<p>En tanto, el intendente Fern\u00e1ndez\nse\u00f1al\u00f3 que \u201cel pa\u00eds ha cambiado, queremos un Chile m\u00e1s igualitario, y para eso\ndebe haber mayor unidad, es importante respetar las caracter\u00edsticas que tenga\ncada persona. El respeto debemos inculcarlo desde los ni\u00f1os, y la invitaci\u00f3n es\na que los magall\u00e1nicos participen para que tengamos un nuevo catastro de c\u00f3mo\nse sienten los ciudadanos en nuestro pa\u00eds, en relaci\u00f3n a diversos temas\u201d.<\/p>\n\n\n\n<p>La Segunda Consulta Ciudadana de\nDiscriminaci\u00f3n es de car\u00e1cter nacional, voluntaria, an\u00f3nima y no vinculante, y\ntiene por objetivo actualizar la percepci\u00f3n y concientizar a la ciudadan\u00eda\nsobre la discriminaci\u00f3n en el pa\u00eds. Estar\u00e1 disponible hasta el 26 de enero de\n2020 en el sitio web www.yoterespeto.cl en espa\u00f1ol, mapudung\u00fan, aymara, rapanui\ny kreyol. En todo el territorio nacional en formato f\u00edsico estar\u00e1 disponible en\nespa\u00f1ol.<\/p>\n\n\n\n<p>El lanzamiento de esta Consulta\nCiudadana cont\u00f3 con la presencia de algunos dirigentes sociales. Mar\u00eda Nieves\nCaro, es colombiana y vive hace nueve a\u00f1os en Punta Arenas. \u201cMi experiencia en\nChile en general ha sido buena, he tenido oportunidades de trabajo, sin\nembargo, hay personas que no respetan y ha sido doloroso sentirse discriminado,\npor ser migrante o de color\u201d.<\/p>\n\n\n\n<p>Para la aplicaci\u00f3n presencial de\nla consulta, existir\u00e1 un trabajo territorial conjunto entre la seremi de Gobierno\ny las gobernaciones provinciales. El cuestionario tiene un total de 15\npreguntas cerradas, id\u00e9nticas a las de la consulta anterior, que fue\ndesarrollada el a\u00f1o 2013.<\/p>\n\n\n\n<p>La entrega de resultados constar\u00e1\nde un an\u00e1lisis cuantitativo y un informe final, que tiene un plazo m\u00ednimo de\nocho semanas posterior a la entrega de los insumos y ser\u00e1 realizado por el\nCentro de Pol\u00edticas P\u00fablicas de la Pontificia Universidad Cat\u00f3lica de Chile.<\/p>\n","protected":false},"excerpt":{"rendered":"<p>En el sal\u00f3n Nelda Panicucci de la intendencia regional, se realiz\u00f3 este viernes el lanzamiento de la Segunda Consulta Ciudadana de Discriminaci\u00f3n junto a la campa\u00f1a de sensibilizaci\u00f3n \u201cYo te&#8230; <a class=\"read-more\" href=\"https:\/\/www.radiopresidenteibanez.cl\/web\/invitan-a-la-comunidad-magallanica-a-participar-en-la-segunda-consulta-ciudadana-de-discriminacion-bajo-el-lema-yoterespeto\/\">Leer m\u00e1s<\/a><\/p>\n","protected":false},"author":2,"featured_media":8700,"comment_status":"closed","ping_status":"closed","sticky":false,"template":"","format":"standard","meta":{"footnotes":""},"categories":[1],"tags":[],"class_list":["post-8699","post","type-post","status-publish","format-standard","has-post-thumbnail","hentry","category-cronica"],"_links":{"self":[{"href":"https:\/\/www.radiopresidenteibanez.cl\/web\/wp-json\/wp\/v2\/posts\/8699","targetHints":{"allow":["GET"]}}],"collection":[{"href":"https:\/\/www.radiopresidenteibanez.cl\/web\/wp-json\/wp\/v2\/posts"}],"about":[{"href":"https:\/\/www.radiopresidenteibanez.cl\/web\/wp-json\/wp\/v2\/types\/post"}],"author":[{"embeddable":true,"href":"https:\/\/www.radiopresidenteibanez.cl\/web\/wp-json\/wp\/v2\/users\/2"}],"replies":[{"embeddable":true,"href":"https:\/\/www.radiopresidenteibanez.cl\/web\/wp-json\/wp\/v2\/comments?post=8699"}],"version-history":[{"count":0,"href":"https:\/\/www.radiopresidenteibanez.cl\/web\/wp-json\/wp\/v2\/posts\/8699\/revisions"}],"wp:featuredmedia":[{"embeddable":true,"href":"https:\/\/www.radiopresidenteibanez.cl\/web\/wp-json\/wp\/v2\/media\/8700"}],"wp:attachment":[{"href":"https:\/\/www.radiopresidenteibanez.cl\/web\/wp-json\/wp\/v2\/media?parent=8699"}],"wp:term":[{"taxonomy":"category","embeddable":true,"href":"https:\/\/www.radiopresidenteibanez.cl\/web\/wp-json\/wp\/v2\/categories?post=8699"},{"taxonomy":"post_tag","embeddable":true,"href":"https:\/\/www.radiopresidenteibanez.cl\/web\/wp-json\/wp\/v2\/tags?post=8699"}],"curies":[{"name":"wp","href":"https:\/\/api.w.org\/{rel}","templated":true}]}}