{"id":8696,"date":"2019-12-27T19:22:57","date_gmt":"2019-12-27T19:22:57","guid":{"rendered":"https:\/\/www.radiopresidenteibanez.cl\/web\/?p=8696"},"modified":"2019-12-27T19:23:01","modified_gmt":"2019-12-27T19:23:01","slug":"mas-de-70-mujeres-terminaron-con-exito-talleres-municipales","status":"publish","type":"post","link":"https:\/\/www.radiopresidenteibanez.cl\/web\/mas-de-70-mujeres-terminaron-con-exito-talleres-municipales\/","title":{"rendered":"M\u00c1S DE 70 MUJERES TERMINARON CON \u00c9XITO TALLERES MUNICIPALES"},"content":{"rendered":"\n<p>Con el objetivo de mejorar su calidad de vida, 76 mujeres de\nPunta Arenas participaron de cuatro talleres impartidos por el Municipio local,\na trav\u00e9s de la Oficina Municipal de la Mujer, dependiente de la Direcci\u00f3n de\nDesarrollo Comunitario.<\/p>\n\n\n\n<p>Se trat\u00f3 de manicure y esmaltado permanente, reutilizaci\u00f3n\nde productos del hogar, elaboraci\u00f3n de productos de cosm\u00e9tica natural y\nelaboraci\u00f3n de galletas con decoraci\u00f3n navide\u00f1a.<\/p>\n\n\n\n<p>\u201cEstamos concluyendo cuatro cursos que eran muy potentes\npara nuestras vecinas, y son con recursos municipales. Aqu\u00ed hay un trabajo\npermanente desde Dideco para que nuestras vecinas, nuestras mujeres, tengan m\u00e1s\nposibilidades\u201d, afirm\u00f3 el alcalde, Claudio Radonich.<\/p>\n\n\n\n<p>La directora de Desarrollo Comunitario, Elena Blackwood, en\ntanto, indic\u00f3 que \u201cestos cursos buscan promover la participaci\u00f3n comunitaria de\nlas mujeres de nuestra ciudad, as\u00ed como poder entregarles elementos que\nfavorezcan su autonom\u00eda econ\u00f3mica y adquirir mayores elementos para su\ndesarrollo integral\u201d.<\/p>\n\n\n\n<p>Las mujeres beneficiadas valoraron la posibilidad de acceder\na talleres gratuitos que les permiten generar nuevos recursos para su bienestar\nfamiliar. \u201cLa profe excelente. Muy agradecida, las recetas s\u00faper b\u00e1sicas y\nbuenas. Las hicimos con la familia y quedaron todos s\u00faper contentos\u201d, afirm\u00f3\nRosa Villegas respecto del taller de elaboraci\u00f3n de galletas, del cual\nparticip\u00f3.<\/p>\n\n\n\n<p>Los cursos realizados fueron posibles gracias a un aporte\nmunicipal que super\u00f3 los 6 millones de pesos.<\/p>\n","protected":false},"excerpt":{"rendered":"<p>Con el objetivo de mejorar su calidad de vida, 76 mujeres de Punta Arenas participaron de cuatro talleres impartidos por el Municipio local, a trav\u00e9s de la Oficina Municipal de&#8230; <a class=\"read-more\" href=\"https:\/\/www.radiopresidenteibanez.cl\/web\/mas-de-70-mujeres-terminaron-con-exito-talleres-municipales\/\">Leer m\u00e1s<\/a><\/p>\n","protected":false},"author":2,"featured_media":8697,"comment_status":"closed","ping_status":"closed","sticky":false,"template":"","format":"standard","meta":{"footnotes":""},"categories":[1],"tags":[],"class_list":["post-8696","post","type-post","status-publish","format-standard","has-post-thumbnail","hentry","category-cronica"],"_links":{"self":[{"href":"https:\/\/www.radiopresidenteibanez.cl\/web\/wp-json\/wp\/v2\/posts\/8696","targetHints":{"allow":["GET"]}}],"collection":[{"href":"https:\/\/www.radiopresidenteibanez.cl\/web\/wp-json\/wp\/v2\/posts"}],"about":[{"href":"https:\/\/www.radiopresidenteibanez.cl\/web\/wp-json\/wp\/v2\/types\/post"}],"author":[{"embeddable":true,"href":"https:\/\/www.radiopresidenteibanez.cl\/web\/wp-json\/wp\/v2\/users\/2"}],"replies":[{"embeddable":true,"href":"https:\/\/www.radiopresidenteibanez.cl\/web\/wp-json\/wp\/v2\/comments?post=8696"}],"version-history":[{"count":0,"href":"https:\/\/www.radiopresidenteibanez.cl\/web\/wp-json\/wp\/v2\/posts\/8696\/revisions"}],"wp:featuredmedia":[{"embeddable":true,"href":"https:\/\/www.radiopresidenteibanez.cl\/web\/wp-json\/wp\/v2\/media\/8697"}],"wp:attachment":[{"href":"https:\/\/www.radiopresidenteibanez.cl\/web\/wp-json\/wp\/v2\/media?parent=8696"}],"wp:term":[{"taxonomy":"category","embeddable":true,"href":"https:\/\/www.radiopresidenteibanez.cl\/web\/wp-json\/wp\/v2\/categories?post=8696"},{"taxonomy":"post_tag","embeddable":true,"href":"https:\/\/www.radiopresidenteibanez.cl\/web\/wp-json\/wp\/v2\/tags?post=8696"}],"curies":[{"name":"wp","href":"https:\/\/api.w.org\/{rel}","templated":true}]}}