{"id":8666,"date":"2019-12-26T00:24:37","date_gmt":"2019-12-26T00:24:37","guid":{"rendered":"https:\/\/www.radiopresidenteibanez.cl\/web\/?p=8666"},"modified":"2019-12-26T00:24:40","modified_gmt":"2019-12-26T00:24:40","slug":"mujeres-de-punta-arenas-recibieron-su-certificado-en-talleres-de-prevencion-de-la-violencia-de-genero","status":"publish","type":"post","link":"https:\/\/www.radiopresidenteibanez.cl\/web\/mujeres-de-punta-arenas-recibieron-su-certificado-en-talleres-de-prevencion-de-la-violencia-de-genero\/","title":{"rendered":"MUJERES DE PUNTA ARENAS RECIBIERON SU CERTIFICADO EN TALLERES DE PREVENCI\u00d3N DE LA VIOLENCIA DE G\u00c9NERO"},"content":{"rendered":"\n<p>54 mujeres de Punta Arenas finalizaron con \u00e9xito los\ntalleres de Defensa Personal y Arteterapia, organizados desde la Oficina\nComunal de la Mujer, dependiente de la Direcci\u00f3n de Desarrollo Comunitario del\nMunicipio local, a trav\u00e9s de la l\u00ednea de prevenci\u00f3n y reparaci\u00f3n para v\u00edctimas\nde violencia contra la mujer.&nbsp; <\/p>\n\n\n\n<p>\u201cEs una l\u00ednea nueva que ha implementado el municipio, hace\npoco m\u00e1s de cinco meses, espec\u00edficamente con el objetivo de prevenir la\nviolencia hacia las mujeres, a trav\u00e9s de la entrega de elementos que logren que\nlas participantes se empoderen, trabajen su autoestima y su desarrollo\npersonal\u201d, explic\u00f3 la directora de Desarrollo Comunitario, Elena Blackwood.<\/p>\n\n\n\n<p>Las participantes se manifestaron muy contentas con el\naprendizaje recibido. As\u00ed lo expres\u00f3 Marcela Arias, participante de uno de los\ntalleres de Defensa Personal. \u201cFue s\u00faper bonito porque nos da la tranquilidad\nde poder andar por las calles un poco m\u00e1s tranquilas. Es una t\u00e9cnica dif\u00edcil\npero no tanto, y como lo mostramos en la presentaci\u00f3n, un peque\u00f1o movimiento\nnos da el tiempo para botar al agresor y arrancar\u201d, explic\u00f3.<\/p>\n\n\n\n<p>Por su parte, Waleska Alvarado, alumna del taller de\nArteterapia, indic\u00f3 que \u201cEs algo muy diferente. Me hizo trabajar muchas emociones\ny plasmarlas en arte y dibujo, variando t\u00e9cnicas. Fue muy entretenido, muy\nacogedor, las compa\u00f1eras s\u00faper. Nos hizo encontrarnos a nosotras como mujeres y\nver que podemos llegar mucho m\u00e1s all\u00e1 y que no solamente somos due\u00f1as de casa o\ntrabajadoras, sino tambi\u00e9n artistas\u201d.<\/p>\n","protected":false},"excerpt":{"rendered":"<p>54 mujeres de Punta Arenas finalizaron con \u00e9xito los talleres de Defensa Personal y Arteterapia, organizados desde la Oficina Comunal de la Mujer, dependiente de la Direcci\u00f3n de Desarrollo Comunitario&#8230; <a class=\"read-more\" href=\"https:\/\/www.radiopresidenteibanez.cl\/web\/mujeres-de-punta-arenas-recibieron-su-certificado-en-talleres-de-prevencion-de-la-violencia-de-genero\/\">Leer m\u00e1s<\/a><\/p>\n","protected":false},"author":2,"featured_media":8667,"comment_status":"closed","ping_status":"closed","sticky":false,"template":"","format":"standard","meta":{"footnotes":""},"categories":[1],"tags":[],"class_list":["post-8666","post","type-post","status-publish","format-standard","has-post-thumbnail","hentry","category-cronica"],"_links":{"self":[{"href":"https:\/\/www.radiopresidenteibanez.cl\/web\/wp-json\/wp\/v2\/posts\/8666","targetHints":{"allow":["GET"]}}],"collection":[{"href":"https:\/\/www.radiopresidenteibanez.cl\/web\/wp-json\/wp\/v2\/posts"}],"about":[{"href":"https:\/\/www.radiopresidenteibanez.cl\/web\/wp-json\/wp\/v2\/types\/post"}],"author":[{"embeddable":true,"href":"https:\/\/www.radiopresidenteibanez.cl\/web\/wp-json\/wp\/v2\/users\/2"}],"replies":[{"embeddable":true,"href":"https:\/\/www.radiopresidenteibanez.cl\/web\/wp-json\/wp\/v2\/comments?post=8666"}],"version-history":[{"count":0,"href":"https:\/\/www.radiopresidenteibanez.cl\/web\/wp-json\/wp\/v2\/posts\/8666\/revisions"}],"wp:featuredmedia":[{"embeddable":true,"href":"https:\/\/www.radiopresidenteibanez.cl\/web\/wp-json\/wp\/v2\/media\/8667"}],"wp:attachment":[{"href":"https:\/\/www.radiopresidenteibanez.cl\/web\/wp-json\/wp\/v2\/media?parent=8666"}],"wp:term":[{"taxonomy":"category","embeddable":true,"href":"https:\/\/www.radiopresidenteibanez.cl\/web\/wp-json\/wp\/v2\/categories?post=8666"},{"taxonomy":"post_tag","embeddable":true,"href":"https:\/\/www.radiopresidenteibanez.cl\/web\/wp-json\/wp\/v2\/tags?post=8666"}],"curies":[{"name":"wp","href":"https:\/\/api.w.org\/{rel}","templated":true}]}}