{"id":8663,"date":"2019-12-26T00:21:51","date_gmt":"2019-12-26T00:21:51","guid":{"rendered":"https:\/\/www.radiopresidenteibanez.cl\/web\/?p=8663"},"modified":"2019-12-26T00:21:54","modified_gmt":"2019-12-26T00:21:54","slug":"alcalde-entrego-regalos-a-ninas-y-ninos-internados-en-el-hospital-clinico-de-magallanes","status":"publish","type":"post","link":"https:\/\/www.radiopresidenteibanez.cl\/web\/alcalde-entrego-regalos-a-ninas-y-ninos-internados-en-el-hospital-clinico-de-magallanes\/","title":{"rendered":"ALCALDE ENTREG\u00d3 REGALOS A NI\u00d1AS Y NI\u00d1OS INTERNADOS EN EL HOSPITAL CL\u00cdNICO DE MAGALLANES"},"content":{"rendered":"\n<p>Una navidad distinta deber\u00e1n pasar una veintena de ni\u00f1as y\nni\u00f1os de Punta Arenas, quienes se encuentran internados en distintas unidades\ndel Hospital Cl\u00ednico de Magallanes.<\/p>\n\n\n\n<p>Es por ello que, como cada a\u00f1o, el alcalde, Claudio\nRadonich, realiz\u00f3 la entrega de regalos a los peque\u00f1os por encargo del Viejito\nPascuero, con el objetivo de animarlos con estos presentes.<\/p>\n\n\n\n<p>\u201cEs una situaci\u00f3n que no es la \u00f3ptima para ellos, pero por\ncierto, tanto las enfermeras como las t\u00e9cnicos, y los pap\u00e1s, han adaptado sus\npiezas para que estar en el hospital sea lo m\u00e1s agradable posible. Por lo\ntanto, pudimos darle un poco de cari\u00f1o navide\u00f1o a todos estos pacientes que hoy\nest\u00e1n aqu\u00ed y que lamentablemente muchos de ellos van a pasar la navidad en el\nhospital\u201d, afirm\u00f3 el alcalde de Punta Arenas, Claudio Radonich.<\/p>\n\n\n\n<p>Posteriormente, la autoridad se traslad\u00f3 hasta el hogar\nIgnazio Sibillo, donde tambi\u00e9n se hizo entrega de regalitos, a los ni\u00f1os y\nni\u00f1as que habitan en el lugar.<\/p>\n","protected":false},"excerpt":{"rendered":"<p>Una navidad distinta deber\u00e1n pasar una veintena de ni\u00f1as y ni\u00f1os de Punta Arenas, quienes se encuentran internados en distintas unidades del Hospital Cl\u00ednico de Magallanes. Es por ello que,&#8230; <a class=\"read-more\" href=\"https:\/\/www.radiopresidenteibanez.cl\/web\/alcalde-entrego-regalos-a-ninas-y-ninos-internados-en-el-hospital-clinico-de-magallanes\/\">Leer m\u00e1s<\/a><\/p>\n","protected":false},"author":2,"featured_media":8664,"comment_status":"closed","ping_status":"closed","sticky":false,"template":"","format":"standard","meta":{"footnotes":""},"categories":[1],"tags":[],"class_list":["post-8663","post","type-post","status-publish","format-standard","has-post-thumbnail","hentry","category-cronica"],"_links":{"self":[{"href":"https:\/\/www.radiopresidenteibanez.cl\/web\/wp-json\/wp\/v2\/posts\/8663","targetHints":{"allow":["GET"]}}],"collection":[{"href":"https:\/\/www.radiopresidenteibanez.cl\/web\/wp-json\/wp\/v2\/posts"}],"about":[{"href":"https:\/\/www.radiopresidenteibanez.cl\/web\/wp-json\/wp\/v2\/types\/post"}],"author":[{"embeddable":true,"href":"https:\/\/www.radiopresidenteibanez.cl\/web\/wp-json\/wp\/v2\/users\/2"}],"replies":[{"embeddable":true,"href":"https:\/\/www.radiopresidenteibanez.cl\/web\/wp-json\/wp\/v2\/comments?post=8663"}],"version-history":[{"count":0,"href":"https:\/\/www.radiopresidenteibanez.cl\/web\/wp-json\/wp\/v2\/posts\/8663\/revisions"}],"wp:featuredmedia":[{"embeddable":true,"href":"https:\/\/www.radiopresidenteibanez.cl\/web\/wp-json\/wp\/v2\/media\/8664"}],"wp:attachment":[{"href":"https:\/\/www.radiopresidenteibanez.cl\/web\/wp-json\/wp\/v2\/media?parent=8663"}],"wp:term":[{"taxonomy":"category","embeddable":true,"href":"https:\/\/www.radiopresidenteibanez.cl\/web\/wp-json\/wp\/v2\/categories?post=8663"},{"taxonomy":"post_tag","embeddable":true,"href":"https:\/\/www.radiopresidenteibanez.cl\/web\/wp-json\/wp\/v2\/tags?post=8663"}],"curies":[{"name":"wp","href":"https:\/\/api.w.org\/{rel}","templated":true}]}}