{"id":8661,"date":"2019-12-26T00:16:18","date_gmt":"2019-12-26T00:16:18","guid":{"rendered":"https:\/\/www.radiopresidenteibanez.cl\/web\/?p=8661"},"modified":"2019-12-26T00:16:23","modified_gmt":"2019-12-26T00:16:23","slug":"mas-de-32-mil-clientes-de-edelmag-se-vieron-afectados-con-corte-de-suministro-electrico","status":"publish","type":"post","link":"https:\/\/www.radiopresidenteibanez.cl\/web\/mas-de-32-mil-clientes-de-edelmag-se-vieron-afectados-con-corte-de-suministro-electrico\/","title":{"rendered":"M\u00c1S DE 32 MIL CLIENTES DE EDELMAG SE VIERON AFECTADOS CON CORTE DE SUMINISTRO EL\u00c9CTRICO"},"content":{"rendered":"\n<p>En relaci\u00f3n a la\ninterrupci\u00f3n de suministro de energ\u00eda el\u00e9ctrica que afect\u00f3 a distintos sectores\nde la ciudad de Punta Arenas, la Empresa El\u00e9ctrica de Magallanes S.A. informa\nlo siguiente:<\/p>\n\n\n\n<ul class=\"wp-block-list\"><li>Alrededor de las 12:01 horas de hoy, se detuvo de forma repentina\n     una de las unidades generadoras emplazadas en la Central Tres Puentes, lo\n     que provoc\u00f3 la interrupci\u00f3n parcial del suministro el\u00e9ctrico en esa ciudad,\n     afectando a 32.196&nbsp;clientes aproximadamente.<\/li><\/ul>\n\n\n\n<ul class=\"wp-block-list\"><li>Inmediatamente personal t\u00e9cnico de EDELMAG, inici\u00f3 las maniobras\n     destinadas a poner en marcha una de sus unidades de respaldo, con el\n     objetivo de normalizar el servicio, el que qued\u00f3 completamente restituido\n     a las 12:25 horas.<\/li><\/ul>\n\n\n\n<ul class=\"wp-block-list\"><li>Durante esta jornada se realizar\u00e1 la revisi\u00f3n y evaluaci\u00f3n del\n     equipo, para identificar las causas provocaron la emergencia.&nbsp;<\/li><\/ul>\n\n\n\n<ul class=\"wp-block-list\"><li>Se reitera que\nse encuentra disponible el Fono Clientes 600 6200 100 y la cuenta twitter\n@edelmag_sos, para consultas. Para una atenci\u00f3n m\u00e1s expedita, es importante que\ntengan a mano su n\u00famero de cliente que se encuentra impreso en la parte\nsuperior de la boleta.<\/li><\/ul>\n","protected":false},"excerpt":{"rendered":"<p>En relaci\u00f3n a la interrupci\u00f3n de suministro de energ\u00eda el\u00e9ctrica que afect\u00f3 a distintos sectores de la ciudad de Punta Arenas, la Empresa El\u00e9ctrica de Magallanes S.A. informa lo siguiente:&#8230; <a class=\"read-more\" href=\"https:\/\/www.radiopresidenteibanez.cl\/web\/mas-de-32-mil-clientes-de-edelmag-se-vieron-afectados-con-corte-de-suministro-electrico\/\">Leer m\u00e1s<\/a><\/p>\n","protected":false},"author":2,"featured_media":714,"comment_status":"closed","ping_status":"closed","sticky":false,"template":"","format":"standard","meta":{"footnotes":""},"categories":[1],"tags":[],"class_list":["post-8661","post","type-post","status-publish","format-standard","has-post-thumbnail","hentry","category-cronica"],"_links":{"self":[{"href":"https:\/\/www.radiopresidenteibanez.cl\/web\/wp-json\/wp\/v2\/posts\/8661","targetHints":{"allow":["GET"]}}],"collection":[{"href":"https:\/\/www.radiopresidenteibanez.cl\/web\/wp-json\/wp\/v2\/posts"}],"about":[{"href":"https:\/\/www.radiopresidenteibanez.cl\/web\/wp-json\/wp\/v2\/types\/post"}],"author":[{"embeddable":true,"href":"https:\/\/www.radiopresidenteibanez.cl\/web\/wp-json\/wp\/v2\/users\/2"}],"replies":[{"embeddable":true,"href":"https:\/\/www.radiopresidenteibanez.cl\/web\/wp-json\/wp\/v2\/comments?post=8661"}],"version-history":[{"count":0,"href":"https:\/\/www.radiopresidenteibanez.cl\/web\/wp-json\/wp\/v2\/posts\/8661\/revisions"}],"wp:featuredmedia":[{"embeddable":true,"href":"https:\/\/www.radiopresidenteibanez.cl\/web\/wp-json\/wp\/v2\/media\/714"}],"wp:attachment":[{"href":"https:\/\/www.radiopresidenteibanez.cl\/web\/wp-json\/wp\/v2\/media?parent=8661"}],"wp:term":[{"taxonomy":"category","embeddable":true,"href":"https:\/\/www.radiopresidenteibanez.cl\/web\/wp-json\/wp\/v2\/categories?post=8661"},{"taxonomy":"post_tag","embeddable":true,"href":"https:\/\/www.radiopresidenteibanez.cl\/web\/wp-json\/wp\/v2\/tags?post=8661"}],"curies":[{"name":"wp","href":"https:\/\/api.w.org\/{rel}","templated":true}]}}