{"id":8656,"date":"2019-12-24T19:43:29","date_gmt":"2019-12-24T19:43:29","guid":{"rendered":"https:\/\/www.radiopresidenteibanez.cl\/web\/?p=8656"},"modified":"2019-12-24T19:43:34","modified_gmt":"2019-12-24T19:43:34","slug":"consejero-kusanovic-destaca-interes-por-postular-a-cargo-de-secretario-general-del-core","status":"publish","type":"post","link":"https:\/\/www.radiopresidenteibanez.cl\/web\/consejero-kusanovic-destaca-interes-por-postular-a-cargo-de-secretario-general-del-core\/","title":{"rendered":"CONSEJERO KUSANOVIC DESTACA INTER\u00c9S POR POSTULAR A CARGO DE SECRETARIO GENERAL DEL CORE"},"content":{"rendered":"\n<p>Con un total de 35 postulantes se puso t\u00e9rmino al proceso de recepci\u00f3n de candidatos a ocupar el cargo de Secretario General del Consejero Regional de Magallanes, destac\u00f3 el Presidente del ente colegiado, Alejandro Kusanovic.<\/p>\n\n\n\n<p>El core solicit\u00f3 en septiembre a la Divisi\u00f3n de Administraci\u00f3n y Finanzas la contrataci\u00f3n de una empresa especializada para hacer la recepci\u00f3n y selecci\u00f3n de los postulantes. \u201cEn el proceso anterior se presentaron solo trece postulantes y ahora superaron los treinta lo que representa un \u00e9xito y esperamos que podamos contar con un nuevo Secretario Ejecutivo para abocarnos \u00edntegramente a nuestras tareas\u201d, se\u00f1al\u00f3 Kusanovic.<\/p>\n","protected":false},"excerpt":{"rendered":"<p>Con un total de 35 postulantes se puso t\u00e9rmino al proceso de recepci\u00f3n de candidatos a ocupar el cargo de Secretario General del Consejero Regional de Magallanes, destac\u00f3 el Presidente&#8230; <a class=\"read-more\" href=\"https:\/\/www.radiopresidenteibanez.cl\/web\/consejero-kusanovic-destaca-interes-por-postular-a-cargo-de-secretario-general-del-core\/\">Leer m\u00e1s<\/a><\/p>\n","protected":false},"author":2,"featured_media":5543,"comment_status":"closed","ping_status":"closed","sticky":false,"template":"","format":"standard","meta":{"footnotes":""},"categories":[1],"tags":[],"class_list":["post-8656","post","type-post","status-publish","format-standard","has-post-thumbnail","hentry","category-cronica"],"_links":{"self":[{"href":"https:\/\/www.radiopresidenteibanez.cl\/web\/wp-json\/wp\/v2\/posts\/8656","targetHints":{"allow":["GET"]}}],"collection":[{"href":"https:\/\/www.radiopresidenteibanez.cl\/web\/wp-json\/wp\/v2\/posts"}],"about":[{"href":"https:\/\/www.radiopresidenteibanez.cl\/web\/wp-json\/wp\/v2\/types\/post"}],"author":[{"embeddable":true,"href":"https:\/\/www.radiopresidenteibanez.cl\/web\/wp-json\/wp\/v2\/users\/2"}],"replies":[{"embeddable":true,"href":"https:\/\/www.radiopresidenteibanez.cl\/web\/wp-json\/wp\/v2\/comments?post=8656"}],"version-history":[{"count":0,"href":"https:\/\/www.radiopresidenteibanez.cl\/web\/wp-json\/wp\/v2\/posts\/8656\/revisions"}],"wp:featuredmedia":[{"embeddable":true,"href":"https:\/\/www.radiopresidenteibanez.cl\/web\/wp-json\/wp\/v2\/media\/5543"}],"wp:attachment":[{"href":"https:\/\/www.radiopresidenteibanez.cl\/web\/wp-json\/wp\/v2\/media?parent=8656"}],"wp:term":[{"taxonomy":"category","embeddable":true,"href":"https:\/\/www.radiopresidenteibanez.cl\/web\/wp-json\/wp\/v2\/categories?post=8656"},{"taxonomy":"post_tag","embeddable":true,"href":"https:\/\/www.radiopresidenteibanez.cl\/web\/wp-json\/wp\/v2\/tags?post=8656"}],"curies":[{"name":"wp","href":"https:\/\/api.w.org\/{rel}","templated":true}]}}