{"id":8647,"date":"2019-12-23T14:01:15","date_gmt":"2019-12-23T14:01:15","guid":{"rendered":"https:\/\/www.radiopresidenteibanez.cl\/web\/?p=8647"},"modified":"2019-12-23T14:01:18","modified_gmt":"2019-12-23T14:01:18","slug":"consejero-kusanovic-la-gente-no-quiere-que-se-construya-el-paso-elevado","status":"publish","type":"post","link":"https:\/\/www.radiopresidenteibanez.cl\/web\/consejero-kusanovic-la-gente-no-quiere-que-se-construya-el-paso-elevado\/","title":{"rendered":"CONSEJERO KUSANOVIC: \u201cLA GENTE NO QUIERE QUE SE CONSTRUYA EL PASO ELEVADO\u201d"},"content":{"rendered":"\n<p>Haci\u00e9ndose eco de la reciente consulta ciudadana la que arroj\u00f3 que casi un 60% de la poblaci\u00f3n se opone a la construcci\u00f3n de un paso a nivel en el ingreso norte de Punta Arenas a un costo que $23 mil millones, el consejero regional, Alejandro Kusanovic, hizo un llamado a las autoridades a poner t\u00e9rmino a esa iniciativa.<\/p>\n\n\n\n<p>\u201cLa gente no quiere que se construya el paso elevado a un costo tan elevado, justo cuando los chilenos han dicho fuerte y claro que sus prioridades son las pensiones, el sueldo, las viviendas y la salud\u201d, indic\u00f3 el core.<\/p>\n\n\n\n<p>Asimismo, critic\u00f3 la desconexi\u00f3n que existe entre la clase pol\u00edtica y las necesidades de la poblaci\u00f3n. Hizo ver que la inversi\u00f3n del paso a nivel es desproporcionada si se le compara con lo que se debi\u00f3 invertir en el Hospital Cl\u00ednico de Magallanes. \u201cHoy la gente tiene grandes dificultades para solventar los gastos en salud, vivienda y educaci\u00f3n mientras el gobierno sigue con la br\u00fajula p\u00e9rdida gastando importantes recursos en una mala soluci\u00f3n vial\u201d, critic\u00f3 Kusanovic.<\/p>\n","protected":false},"excerpt":{"rendered":"<p>Haci\u00e9ndose eco de la reciente consulta ciudadana la que arroj\u00f3 que casi un 60% de la poblaci\u00f3n se opone a la construcci\u00f3n de un paso a nivel en el ingreso&#8230; <a class=\"read-more\" href=\"https:\/\/www.radiopresidenteibanez.cl\/web\/consejero-kusanovic-la-gente-no-quiere-que-se-construya-el-paso-elevado\/\">Leer m\u00e1s<\/a><\/p>\n","protected":false},"author":2,"featured_media":5543,"comment_status":"closed","ping_status":"closed","sticky":false,"template":"","format":"standard","meta":{"footnotes":""},"categories":[1],"tags":[],"class_list":["post-8647","post","type-post","status-publish","format-standard","has-post-thumbnail","hentry","category-cronica"],"_links":{"self":[{"href":"https:\/\/www.radiopresidenteibanez.cl\/web\/wp-json\/wp\/v2\/posts\/8647","targetHints":{"allow":["GET"]}}],"collection":[{"href":"https:\/\/www.radiopresidenteibanez.cl\/web\/wp-json\/wp\/v2\/posts"}],"about":[{"href":"https:\/\/www.radiopresidenteibanez.cl\/web\/wp-json\/wp\/v2\/types\/post"}],"author":[{"embeddable":true,"href":"https:\/\/www.radiopresidenteibanez.cl\/web\/wp-json\/wp\/v2\/users\/2"}],"replies":[{"embeddable":true,"href":"https:\/\/www.radiopresidenteibanez.cl\/web\/wp-json\/wp\/v2\/comments?post=8647"}],"version-history":[{"count":0,"href":"https:\/\/www.radiopresidenteibanez.cl\/web\/wp-json\/wp\/v2\/posts\/8647\/revisions"}],"wp:featuredmedia":[{"embeddable":true,"href":"https:\/\/www.radiopresidenteibanez.cl\/web\/wp-json\/wp\/v2\/media\/5543"}],"wp:attachment":[{"href":"https:\/\/www.radiopresidenteibanez.cl\/web\/wp-json\/wp\/v2\/media?parent=8647"}],"wp:term":[{"taxonomy":"category","embeddable":true,"href":"https:\/\/www.radiopresidenteibanez.cl\/web\/wp-json\/wp\/v2\/categories?post=8647"},{"taxonomy":"post_tag","embeddable":true,"href":"https:\/\/www.radiopresidenteibanez.cl\/web\/wp-json\/wp\/v2\/tags?post=8647"}],"curies":[{"name":"wp","href":"https:\/\/api.w.org\/{rel}","templated":true}]}}