{"id":8645,"date":"2019-12-23T13:58:08","date_gmt":"2019-12-23T13:58:08","guid":{"rendered":"https:\/\/www.radiopresidenteibanez.cl\/web\/?p=8645"},"modified":"2019-12-23T13:58:12","modified_gmt":"2019-12-23T13:58:12","slug":"los-trogloditas-por-pablo-cruz","status":"publish","type":"post","link":"https:\/\/www.radiopresidenteibanez.cl\/web\/los-trogloditas-por-pablo-cruz\/","title":{"rendered":"LOS TROGLODITAS por PABLO CRUZ"},"content":{"rendered":"\n<p>En la d\u00e9cada del 70, Isabel Allende, quien se\nhizo famosa con&nbsp; su primer libro, \u201cLa\ncasa de los esp\u00edritus\u201d, escrib\u00eda una columna en la revista Paula, que se\nllamaba Los Impertinentes.<\/p>\n\n\n\n<p>Su lema era \u201cCivilice a su troglodita\u201d, aludiendo\na que las parejas de las mujeres eran unos trogloditas, unos cavernarios, por\nla forma en que las trataban.<\/p>\n\n\n\n<p>En cada n\u00famero de la revista aparec\u00eda un\ncomentario lleno de humor sobre las costumbres que, seg\u00fan Isabel Allende,\nten\u00edamos los hombres. Y aunque eran comentarios para la risa, escritos con muy\nfino humor, era verdad que \u00e9ramos bastante cavernarios.<\/p>\n\n\n\n<p>Casi cinco d\u00e9cadas despu\u00e9s, hay sectores,\nespecialmente en el mundo pol\u00edtico, y concretamente parlamentario, todav\u00eda muy\ntrogloditas.<\/p>\n\n\n\n<p>Son esos cavernarios los que votaron en contra de\nque las mujeres tuvieran el mismo valor que los hombres en el cambio\nconstitucional que la gran mayor\u00eda de los chilenos estamos pidiendo. Los\npol\u00edticos trogloditas no son muy partidarios de los cambios, as\u00ed es que no les\ngusta la paridad de g\u00e9nero, la participaci\u00f3n de pueblos ind\u00edgenas, competir con\nindependientes y&nbsp; las asambleas\nconstitucionales.<\/p>\n\n\n\n<p>Por ellos, ojal\u00e1 que las cosas sigan iguales y\nson tan cavernarios que hasta aprobaron, en la ley del plebiscito, que si la\nmayor\u00eda no aprueba una nueva Constituci\u00f3n, hay que seguir con la de Pinochet-Lagos.<\/p>\n\n\n\n<p>El gran argumento de los trogloditas, indignados con\nla aprobaci\u00f3n de la paridad de g\u00e9nero, es que hab\u00eda un acuerdo de hacer las\nreformas de una manera solamente.<\/p>\n\n\n\n<p>Los cavernarios siguen creyendo que la reforma\nconstitucional es tema de ellos, y no de la gente, que ya sabr\u00e1 demostrarles,\nen pr\u00f3xima elecciones, que son cada vez menos los partidarios de los\ntrogloditas, y que no pueden ser civilizados, como escrib\u00eda Isabel Allende.<\/p>\n","protected":false},"excerpt":{"rendered":"<p>En la d\u00e9cada del 70, Isabel Allende, quien se hizo famosa con&nbsp; su primer libro, \u201cLa casa de los esp\u00edritus\u201d, escrib\u00eda una columna en la revista Paula, que se llamaba&#8230; <a class=\"read-more\" href=\"https:\/\/www.radiopresidenteibanez.cl\/web\/los-trogloditas-por-pablo-cruz\/\">Leer m\u00e1s<\/a><\/p>\n","protected":false},"author":2,"featured_media":6141,"comment_status":"closed","ping_status":"closed","sticky":false,"template":"","format":"standard","meta":{"footnotes":""},"categories":[1],"tags":[],"class_list":["post-8645","post","type-post","status-publish","format-standard","has-post-thumbnail","hentry","category-cronica"],"_links":{"self":[{"href":"https:\/\/www.radiopresidenteibanez.cl\/web\/wp-json\/wp\/v2\/posts\/8645","targetHints":{"allow":["GET"]}}],"collection":[{"href":"https:\/\/www.radiopresidenteibanez.cl\/web\/wp-json\/wp\/v2\/posts"}],"about":[{"href":"https:\/\/www.radiopresidenteibanez.cl\/web\/wp-json\/wp\/v2\/types\/post"}],"author":[{"embeddable":true,"href":"https:\/\/www.radiopresidenteibanez.cl\/web\/wp-json\/wp\/v2\/users\/2"}],"replies":[{"embeddable":true,"href":"https:\/\/www.radiopresidenteibanez.cl\/web\/wp-json\/wp\/v2\/comments?post=8645"}],"version-history":[{"count":0,"href":"https:\/\/www.radiopresidenteibanez.cl\/web\/wp-json\/wp\/v2\/posts\/8645\/revisions"}],"wp:featuredmedia":[{"embeddable":true,"href":"https:\/\/www.radiopresidenteibanez.cl\/web\/wp-json\/wp\/v2\/media\/6141"}],"wp:attachment":[{"href":"https:\/\/www.radiopresidenteibanez.cl\/web\/wp-json\/wp\/v2\/media?parent=8645"}],"wp:term":[{"taxonomy":"category","embeddable":true,"href":"https:\/\/www.radiopresidenteibanez.cl\/web\/wp-json\/wp\/v2\/categories?post=8645"},{"taxonomy":"post_tag","embeddable":true,"href":"https:\/\/www.radiopresidenteibanez.cl\/web\/wp-json\/wp\/v2\/tags?post=8645"}],"curies":[{"name":"wp","href":"https:\/\/api.w.org\/{rel}","templated":true}]}}