{"id":8622,"date":"2019-12-18T21:58:37","date_gmt":"2019-12-18T21:58:37","guid":{"rendered":"https:\/\/www.radiopresidenteibanez.cl\/web\/?p=8622"},"modified":"2019-12-18T21:58:40","modified_gmt":"2019-12-18T21:58:40","slug":"gobernacion-y-prodemu-hicieron-entrega-de-ayudas-sociales-a-mujeres-emprendedoras","status":"publish","type":"post","link":"https:\/\/www.radiopresidenteibanez.cl\/web\/gobernacion-y-prodemu-hicieron-entrega-de-ayudas-sociales-a-mujeres-emprendedoras\/","title":{"rendered":"GOBERNACI\u00d3N Y PRODEMU HICIERON ENTREGA DE AYUDAS SOCIALES A MUJERES EMPRENDEDORAS"},"content":{"rendered":"\n<p>En dependencias de la gobernaci\u00f3n provincial se realiz\u00f3 la entrega de ayudas sociales, a un grupo de mujeres, parte de 27 emprendedoras, logro realizado a trav\u00e9s de un Convenio de Colaboraci\u00f3n entre la Gobernaci\u00f3n de Magallanes y Fundaci\u00f3n PRODEMU, que se firm\u00f3 con fecha 4 de septiembre 2019, con el fin de gestionar esfuerzos institucionales conjuntos para generar un aumento de cobertura y potenciar el emprendimiento de las mujeres de la Provincia de Magallanes que tienen una idea o ejecuci\u00f3n inicial de un negocio, mediante la intervenci\u00f3n program\u00e1tica de PRODEMU, correspondiente a la ruta de emprendimiento, y la asignaci\u00f3n de recursos de la Gobernaci\u00f3n a trav\u00e9s del programa ORASMI (Acci\u00f3n Social del Ministerio del Interior).<\/p>\n\n\n\n<p>El gobernador provincial, Homero Villegas N\u00fa\u00f1ez, \u201cEstamos muy felices de estar trabajando con Prodemu, porque tiene una base de datos de mujeres que necesitan apoyo, y nosotros estamos para eso, para apoyar. Este es el primero de muchos pasos que queremos dar junto a ellas, la idea es que nos podamos fortalecer. Para nosotros es muy importante, es una felicidad tremenda poder ayudarlas, y que esto a la vez, ayude a mejorar la calidad de su trabajo\u201d.<\/p>\n\n\n\n<p>Participaron un total de 27 mujeres, en distintas \u00e1reas de emprendimiento, todas con experiencia previa y conocimientos de su oficio adquiridos de manera autodidacta, en algunos casos por tradici\u00f3n familiar, y otras que han tenido acceso a capacitaciones, a trav\u00e9s de otros organismos del Estado.\u00a0 Los art\u00edculos adquiridos fueron insumos y telas para manualidades de diversas t\u00e9cnicas, lanas, herramientas e insumos de peluquer\u00eda, entre otros productos.\u00a0 Con ello, se espera contribuir a generar un impulso en el emprendimiento de cada participante, quienes a trav\u00e9s del desarrollo de un oficio colaboran en forma importante al presupuesto familiar y muchas son la base del sustento econ\u00f3mico de sus hogares.<\/p>\n\n\n\n<p>La directora de Prodemu, Gabriela S\u00e1nchez, expres\u00f3 que \u201cCuando se articulan y coordinan esfuerzos, los recursos van mejor dirigidos, en este caso el aporte se invierte en la idea, en el negocio de cada una. En cada taller de Prodemu hay un espacio de habilitaci\u00f3n, de reflexi\u00f3n, de pensar el negocio, por lo tanto cada una sabe hacia d\u00f3nde va\u201d. La directora agreg\u00f3 que se espera que el pr\u00f3ximo a\u00f1o surjan nuevas iniciativas a trav\u00e9s de la alianza con gobernaci\u00f3n.<\/p>\n\n\n\n<p>El total de las 27 usuarias ser\u00e1n invitadas, pr\u00f3ximamente, para exponer los productos elaborados con los materiales que est\u00e1n obteniendo por medio de sus proyectos.\u00a0 En este sentido, la encargada de Orasmi, Virginia Huenul, explic\u00f3 que \u201cen el marco del Convenio suscrito entre ambas instituciones, se espera continuar trabajando en conjunto el a\u00f1o 2020, para potenciar a\u00fan m\u00e1s esta alianza interinstitucional, que est\u00e1 pensada para ir en beneficio de las mujeres de la provincia\u201d.<\/p>\n","protected":false},"excerpt":{"rendered":"<p>En dependencias de la gobernaci\u00f3n provincial se realiz\u00f3 la entrega de ayudas sociales, a un grupo de mujeres, parte de 27 emprendedoras, logro realizado a trav\u00e9s de un Convenio de&#8230; <a class=\"read-more\" href=\"https:\/\/www.radiopresidenteibanez.cl\/web\/gobernacion-y-prodemu-hicieron-entrega-de-ayudas-sociales-a-mujeres-emprendedoras\/\">Leer m\u00e1s<\/a><\/p>\n","protected":false},"author":2,"featured_media":8623,"comment_status":"closed","ping_status":"closed","sticky":false,"template":"","format":"standard","meta":{"footnotes":""},"categories":[1],"tags":[],"class_list":["post-8622","post","type-post","status-publish","format-standard","has-post-thumbnail","hentry","category-cronica"],"_links":{"self":[{"href":"https:\/\/www.radiopresidenteibanez.cl\/web\/wp-json\/wp\/v2\/posts\/8622","targetHints":{"allow":["GET"]}}],"collection":[{"href":"https:\/\/www.radiopresidenteibanez.cl\/web\/wp-json\/wp\/v2\/posts"}],"about":[{"href":"https:\/\/www.radiopresidenteibanez.cl\/web\/wp-json\/wp\/v2\/types\/post"}],"author":[{"embeddable":true,"href":"https:\/\/www.radiopresidenteibanez.cl\/web\/wp-json\/wp\/v2\/users\/2"}],"replies":[{"embeddable":true,"href":"https:\/\/www.radiopresidenteibanez.cl\/web\/wp-json\/wp\/v2\/comments?post=8622"}],"version-history":[{"count":0,"href":"https:\/\/www.radiopresidenteibanez.cl\/web\/wp-json\/wp\/v2\/posts\/8622\/revisions"}],"wp:featuredmedia":[{"embeddable":true,"href":"https:\/\/www.radiopresidenteibanez.cl\/web\/wp-json\/wp\/v2\/media\/8623"}],"wp:attachment":[{"href":"https:\/\/www.radiopresidenteibanez.cl\/web\/wp-json\/wp\/v2\/media?parent=8622"}],"wp:term":[{"taxonomy":"category","embeddable":true,"href":"https:\/\/www.radiopresidenteibanez.cl\/web\/wp-json\/wp\/v2\/categories?post=8622"},{"taxonomy":"post_tag","embeddable":true,"href":"https:\/\/www.radiopresidenteibanez.cl\/web\/wp-json\/wp\/v2\/tags?post=8622"}],"curies":[{"name":"wp","href":"https:\/\/api.w.org\/{rel}","templated":true}]}}