{"id":8619,"date":"2019-12-18T21:54:32","date_gmt":"2019-12-18T21:54:32","guid":{"rendered":"https:\/\/www.radiopresidenteibanez.cl\/web\/?p=8619"},"modified":"2019-12-18T21:54:35","modified_gmt":"2019-12-18T21:54:35","slug":"productos-de-temporada-vuelven-a-mercado-campesino-en-el-mall-espacio-urbano-pionero","status":"publish","type":"post","link":"https:\/\/www.radiopresidenteibanez.cl\/web\/productos-de-temporada-vuelven-a-mercado-campesino-en-el-mall-espacio-urbano-pionero\/","title":{"rendered":"PRODUCTOS DE TEMPORADA VUELVEN A MERCADO CAMPESINO EN EL MALL ESPACIO URBANO PIONERO"},"content":{"rendered":"\n<p>Frutillas, rabanitos, ruibarbo, huevos, mermeladas y\nhortalizas frescas destacan en el Mercado Campesino que se realizar\u00e1 el pr\u00f3ximo\nviernes 20 de diciembre en el Mall Espacio Urbano Pionero.&nbsp; En la actividad, organizada por INDAP, participan\ncerca de catorce agricultoras de distintos sectores rurales de Punta Arenas.<\/p>\n\n\n\n<p>Uno de los puntos fuertes de la iniciativa es la posibilidad\nde contar con productos reci\u00e9n cosechados y mantener un contacto directo entre\nproductores y comunidad, evitando as\u00ed la ganancia de intermediarios.<\/p>\n\n\n\n<p>\u201cEstamos apuntando hacia una pr\u00e1ctica de agricultura\norg\u00e1nica por lo que el uso de pesticidas y otros qu\u00edmicos no est\u00e1n presentes en\nnuestra producci\u00f3n.&nbsp; Esperamos la gente\nasista y aproveche de consumir hortalizas naturales\u201d, asegur\u00f3 Patricia Delgado,\nPdta. del Consejo Asesor Campesino, CAR.<\/p>\n\n\n\n<p>En total, se presentan catorce agricultoras de Punta\nArenas.&nbsp; Llegan con sus mejores\nproductos, reci\u00e9n cosechados, en una actividad que se extender\u00e1 entre las 11 y\n18 horas, en el tercer piso del recinto comercial.<\/p>\n\n\n\n<p>Uno de los productos m\u00e1s vendidos en Mercado Campesino\norganizado por INDAP son las frutillas.&nbsp;\n\u201cEst\u00e1n de moda, por sabor, calidad y rentabilidad.&nbsp; S\u00f3lo en Punta Arenas hay m\u00e1s de 15 nuevos\nproductores y en Puerto Natales alcanzamos la in\u00e9dita producci\u00f3n de 15\ntoneladas por temporada.&nbsp; Esto gracias al\nesfuerzo de los propios campesinos y los aportes del convenio suscrito entre\nIndap y el Gobierno Regional que han ayudado a mejorar la infraestructura y\ncapacitaci\u00f3n\u201d, explic\u00f3 Petar Bradasic, director regional de Indap.<\/p>\n\n\n\n<p>La iniciativa ha permitido aumentar los recursos a los\nprogramas que ejecuta tradicionalmente INDAP en la regi\u00f3n.&nbsp; Se trata de m\u00e1s de 3 mil millones de pesos\ninvertidos directamente en la familia campesina, en un per\u00edodo de 24 meses.<\/p>\n\n\n\n<p>Por su parte, el Seremi de Agricultura, Alfonso Roux,\nmanifest\u00f3 que \u201clo que nos ha encomendado el ministro de Agricultura, Antonio\nWalker, es justamente acercar los canales de comercializaci\u00f3n a nuestros\nusuarios y usuarias. No existe desarrollo si no existe un resultado econ\u00f3mico\npara nuestros productores, por tanto este apoyo que entrega Indap a nuestros\nagricultores va en la direcci\u00f3n correcta de propiciar un comercio justo donde\nel productor se encuentra directamente con el consumidor\u00bb.<\/p>\n","protected":false},"excerpt":{"rendered":"<p>Frutillas, rabanitos, ruibarbo, huevos, mermeladas y hortalizas frescas destacan en el Mercado Campesino que se realizar\u00e1 el pr\u00f3ximo viernes 20 de diciembre en el Mall Espacio Urbano Pionero.&nbsp; En la&#8230; <a class=\"read-more\" href=\"https:\/\/www.radiopresidenteibanez.cl\/web\/productos-de-temporada-vuelven-a-mercado-campesino-en-el-mall-espacio-urbano-pionero\/\">Leer m\u00e1s<\/a><\/p>\n","protected":false},"author":2,"featured_media":8620,"comment_status":"closed","ping_status":"closed","sticky":false,"template":"","format":"standard","meta":{"footnotes":""},"categories":[1],"tags":[],"class_list":["post-8619","post","type-post","status-publish","format-standard","has-post-thumbnail","hentry","category-cronica"],"_links":{"self":[{"href":"https:\/\/www.radiopresidenteibanez.cl\/web\/wp-json\/wp\/v2\/posts\/8619","targetHints":{"allow":["GET"]}}],"collection":[{"href":"https:\/\/www.radiopresidenteibanez.cl\/web\/wp-json\/wp\/v2\/posts"}],"about":[{"href":"https:\/\/www.radiopresidenteibanez.cl\/web\/wp-json\/wp\/v2\/types\/post"}],"author":[{"embeddable":true,"href":"https:\/\/www.radiopresidenteibanez.cl\/web\/wp-json\/wp\/v2\/users\/2"}],"replies":[{"embeddable":true,"href":"https:\/\/www.radiopresidenteibanez.cl\/web\/wp-json\/wp\/v2\/comments?post=8619"}],"version-history":[{"count":0,"href":"https:\/\/www.radiopresidenteibanez.cl\/web\/wp-json\/wp\/v2\/posts\/8619\/revisions"}],"wp:featuredmedia":[{"embeddable":true,"href":"https:\/\/www.radiopresidenteibanez.cl\/web\/wp-json\/wp\/v2\/media\/8620"}],"wp:attachment":[{"href":"https:\/\/www.radiopresidenteibanez.cl\/web\/wp-json\/wp\/v2\/media?parent=8619"}],"wp:term":[{"taxonomy":"category","embeddable":true,"href":"https:\/\/www.radiopresidenteibanez.cl\/web\/wp-json\/wp\/v2\/categories?post=8619"},{"taxonomy":"post_tag","embeddable":true,"href":"https:\/\/www.radiopresidenteibanez.cl\/web\/wp-json\/wp\/v2\/tags?post=8619"}],"curies":[{"name":"wp","href":"https:\/\/api.w.org\/{rel}","templated":true}]}}