{"id":8613,"date":"2019-12-18T21:40:44","date_gmt":"2019-12-18T21:40:44","guid":{"rendered":"https:\/\/www.radiopresidenteibanez.cl\/web\/?p=8613"},"modified":"2019-12-18T21:40:46","modified_gmt":"2019-12-18T21:40:46","slug":"expofosis-navidad-abre-sus-puertas-este-fin-de-semana","status":"publish","type":"post","link":"https:\/\/www.radiopresidenteibanez.cl\/web\/expofosis-navidad-abre-sus-puertas-este-fin-de-semana\/","title":{"rendered":"EXPOFOSIS NAVIDAD ABRE SUS PUERTAS ESTE FIN DE SEMANA"},"content":{"rendered":"\n<p>Una nueva versi\u00f3n de este evento se\ndesarrollar\u00e1 en la comuna de Punta Arenas, oportunidad en que 32 usuarios y\nusuarias de programas de emprendimiento del FOSIS comercializar\u00e1n lo mejor de\nsus productos y servicios, entre los que se encuentra artesan\u00eda en lana,\nmadera, manualidades, libros, verduras, servicios de entretenci\u00f3n, entre otros.<\/p>\n\n\n\n<p>\u201cEstos emprendedores han participado de\niniciativas que entregan capacitaci\u00f3n para iniciar o fortalecer un\nemprendimiento en desarrollo, desarrollar un plan de negocios y la entrega de\nun capital semilla para el cumplimiento de estos objetivos. Por tanto, la\ninvitaci\u00f3n es a la comunidad magall\u00e1nica para que apoyen estos emprendimientos\nlocales y en esta navidad regalen con significado, con sentido\u201d, se\u00f1al\u00f3 el\ndirector regional del FOSIS, Hern\u00e1n Soto.<\/p>\n\n\n\n<p>Este a\u00f1o 2019, FOSIS apoy\u00f3 a m\u00e1s de 530\npersonas en programas de emprendimiento y empleabilidad, en las comunas de\nPunta Arenas, Natales, Porvenir y Cabo de Hornos, lo que signific\u00f3 una\ninversi\u00f3n de 443 millones de pesos.<\/p>\n\n\n\n<p>La ExpoFOSIS Navidad\nfuncionar\u00e1 entre las 14:30 a 20:00 hrs., la entrada es liberada.<\/p>\n","protected":false},"excerpt":{"rendered":"<p>Una nueva versi\u00f3n de este evento se desarrollar\u00e1 en la comuna de Punta Arenas, oportunidad en que 32 usuarios y usuarias de programas de emprendimiento del FOSIS comercializar\u00e1n lo mejor&#8230; <a class=\"read-more\" href=\"https:\/\/www.radiopresidenteibanez.cl\/web\/expofosis-navidad-abre-sus-puertas-este-fin-de-semana\/\">Leer m\u00e1s<\/a><\/p>\n","protected":false},"author":2,"featured_media":8614,"comment_status":"closed","ping_status":"closed","sticky":false,"template":"","format":"standard","meta":{"footnotes":""},"categories":[1],"tags":[],"class_list":["post-8613","post","type-post","status-publish","format-standard","has-post-thumbnail","hentry","category-cronica"],"_links":{"self":[{"href":"https:\/\/www.radiopresidenteibanez.cl\/web\/wp-json\/wp\/v2\/posts\/8613","targetHints":{"allow":["GET"]}}],"collection":[{"href":"https:\/\/www.radiopresidenteibanez.cl\/web\/wp-json\/wp\/v2\/posts"}],"about":[{"href":"https:\/\/www.radiopresidenteibanez.cl\/web\/wp-json\/wp\/v2\/types\/post"}],"author":[{"embeddable":true,"href":"https:\/\/www.radiopresidenteibanez.cl\/web\/wp-json\/wp\/v2\/users\/2"}],"replies":[{"embeddable":true,"href":"https:\/\/www.radiopresidenteibanez.cl\/web\/wp-json\/wp\/v2\/comments?post=8613"}],"version-history":[{"count":0,"href":"https:\/\/www.radiopresidenteibanez.cl\/web\/wp-json\/wp\/v2\/posts\/8613\/revisions"}],"wp:featuredmedia":[{"embeddable":true,"href":"https:\/\/www.radiopresidenteibanez.cl\/web\/wp-json\/wp\/v2\/media\/8614"}],"wp:attachment":[{"href":"https:\/\/www.radiopresidenteibanez.cl\/web\/wp-json\/wp\/v2\/media?parent=8613"}],"wp:term":[{"taxonomy":"category","embeddable":true,"href":"https:\/\/www.radiopresidenteibanez.cl\/web\/wp-json\/wp\/v2\/categories?post=8613"},{"taxonomy":"post_tag","embeddable":true,"href":"https:\/\/www.radiopresidenteibanez.cl\/web\/wp-json\/wp\/v2\/tags?post=8613"}],"curies":[{"name":"wp","href":"https:\/\/api.w.org\/{rel}","templated":true}]}}