{"id":8610,"date":"2019-12-18T21:38:04","date_gmt":"2019-12-18T21:38:04","guid":{"rendered":"https:\/\/www.radiopresidenteibanez.cl\/web\/?p=8610"},"modified":"2019-12-18T21:38:09","modified_gmt":"2019-12-18T21:38:09","slug":"autoridades-comparten-con-adultos-mayores-y-explican-aumentos-del-pilar-solidario","status":"publish","type":"post","link":"https:\/\/www.radiopresidenteibanez.cl\/web\/autoridades-comparten-con-adultos-mayores-y-explican-aumentos-del-pilar-solidario\/","title":{"rendered":"AUTORIDADES COMPARTEN CON ADULTOS MAYORES Y EXPLICAN AUMENTOS DEL PILAR SOLIDARIO"},"content":{"rendered":"\n<p>Hasta las acogedoras instalaciones de\nla Fundaci\u00f3n Humanitaria Cavirata lleg\u00f3 el intendente (s) de Magallanes,\nEduardo Schiappacasse; junto a la Seremi del Trabajo y Previsi\u00f3n Social,\nVictoria Cort\u00e9s, para dar cuenta a los beneficiarios del Pilar Solidario sobre\nlos aumentos que a partir de este mes tendr\u00e1n sus respectivas pensiones gracias\na la llamada \u201cley corta de pensiones\u201d, aprobada hace pocos d\u00edas y que trae\naumentos para un total de 12.287 magall\u00e1nicos.<\/p>\n\n\n\n<p>El desglose de los montos y cantidad\nde beneficiarios por edad que recibir\u00e1n estas mejoras en la regi\u00f3n fue dado a\nconocer por las autoridades durante la visita realizada a m\u00e1s de una decena de\nadultos mayores residentes del hogar, varios de los cuales son beneficiarios de\nla Pensi\u00f3n B\u00e1sica Solidaria (PBS) y del Aporte Previsional Solidario (APS),\nquienes pudieron constatar en sus colillas de pago de este mes sus pensiones\nmejoradas a ra\u00edz de estos cambios.<\/p>\n\n\n\n<p>Al respecto, el intendente (s) fue\nclaro en destacar que estos incrementos fueron resultado del \u00e9nfasis que puso\nel Presidente Sebasti\u00e1n Pi\u00f1era en lograr un acuerdo para alcanzar una mejora\nimportante en las pensiones que entrega el Estado. \u201cClaramente, el gobierno\nest\u00e1 escuchando lo que dice la ciudadan\u00eda, dentro de las manifestaciones de la\ngente, este tema fue levantado con much\u00edsima fuerza. Esto es algo que ya tra\u00eda\nel gobierno como una condici\u00f3n a mejorar y el Presidente, despu\u00e9s de estas\nmanifestaciones, le dio much\u00edsima fuerza y logr\u00f3 hacer este trabajo en\nconjunto, siempre con una preocupaci\u00f3n por el pa\u00eds, con mucha responsabilidad,\ntermin\u00f3 haciendo este incremento de un 50% en las pensiones para los adultos\ncon menores jubilaciones\u201d.<\/p>\n\n\n\n<p>Sobre lo mismo, la secretaria regional\ndel Trabajo expres\u00f3 que, \u201ccomo saben, el jueves pasado se aprob\u00f3 la \u2018Ley corta\nde pensiones\u2019, que viene a incrementar los beneficios que se obtienen a trav\u00e9s\ndel Pilar Solidario, es decir, las Pensiones B\u00e1sicas Solidarias y el Aporte\nPrevisional Solidario y esto se traduce que en Magallanes m\u00e1s de 12.200 adultos\nmayores se van a ver beneficiados. Un grupo de m\u00e1s o menos 10 est\u00e1 aqu\u00ed en el\nhogar Cavirata y quisimos venir a explicarles en qu\u00e9 consiste este aumento, en\nqu\u00e9 consisten los tramos y que es importante que ellos est\u00e9n en conocimiento\u201d.<\/p>\n\n\n\n<p>Agreg\u00f3 que \u201ceste es un tremendo\nesfuerzo hecho por el gobierno del Presidente Sebasti\u00e1n Pi\u00f1era, este es el\naumento m\u00e1s grande en la historia del Pilar Solidario (\u2026) Sabemos que este es\nun primer paso, que no es el definitivo. Vamos a seguir avanzando. Todav\u00eda est\u00e1\nen el Congreso la otra parte del proyecto de ley que, esperamos, pronto sea una\nrealidad y no olvidar que estamos trabajando para mejorar las pensiones tambi\u00e9n\nde la clase media que es un grupo mayoritario y que necesita tambi\u00e9n este\nimpulso para tener una vejez digna\u201d.<\/p>\n\n\n\n<p>En la visita, profesionales del\nInstituto de Previsi\u00f3n Social (IPS) Magallanes llevaron los listados de los\nresidentes del hogar Cavirata que ser\u00e1n favorecidos con estos aumentos,\nquienes, con papel en mano, pudieron conocer los incrementos en sus pensiones. <\/p>\n\n\n\n<p>Una de ellas fue Sonia Scott Arteaga,\nde 74 a\u00f1os, quien recibir\u00e1 a partir de este mes un incremento de $27.550, el\ncual aumentar\u00e1 a $44.080 para enero de 2021, alcanzando un aumento total de\n$55.101 para el mes de enero de 2022. \u201cYo ahora saco 110 mil pesos no m\u00e1s de\npensi\u00f3n y ahora voy a recibir este aumento, as\u00ed que, para m\u00ed, s\u00faper bien,\nporque uno puede comprar sus remedios, cosas para la casa, yo vivo con una\ncompa\u00f1era as\u00ed que nos sirve mucho\u201d, coment\u00f3.<\/p>\n\n\n\n<p>En la regi\u00f3n de Magallanes, tal como\nexplicaron las autoridades durante la actividad, ser\u00e1n 12.287 los beneficiarios\ntotales de esta \u201cley corta de pensiones\u201d, de los cuales 7.514 son mujeres y\n4.773 son hombres. En este sentido, un total de 3.734 personas en la zona reciben\nla Pensi\u00f3n B\u00e1sica Solidaria y 8.553 son beneficiados con el Aporte Previsional\nSolidario.<\/p>\n\n\n\n<p>A nivel general, los mayores de 80\na\u00f1os que recibir\u00e1n un aumento inmediato de $55.101 alcanzan un total de 2.848\nbeneficiarios magall\u00e1nicos. En tanto, los pensionados entre 75 y 79 a\u00f1os, que\nobtendr\u00e1n un incremento de $33.060, totalizan 2.408 personas en la regi\u00f3n.\nMientras que los menores de 75 a\u00f1os, que lograr\u00e1n un aumento de $27.550\nrepresentan un total de 7.031 personas en Magallanes.<\/p>\n\n\n\n<p>Si vemos el desglose por g\u00e9nero, en el\ncaso de las mujeres, se desprende que, a partir de este mes de diciembre, un\ntotal de 1.893 pensionadas mayores de 80 a\u00f1os (569 PBS y 1.324 APS) recibir\u00e1n\n$55.101 adicionales a su PBS y APS, seg\u00fan corresponda; otras 1.392 mujeres\nentre 75 y 79 a\u00f1os recibir\u00e1n $33.060; y 4.229 mujeres menores de 75 a\u00f1os, recibir\u00e1n\nun adicional de $27.550, de las cuales 4.229 son beneficiarias de pensi\u00f3n de\ninvalidez.<\/p>\n\n\n\n<p>Por \u00faltimo, en el caso de los varones,\neste diciembre, un total de 955 hombres mayores de 80 a\u00f1os (270 PBS y 685 APS),\nrecibir\u00e1n $ 55.101 adicionales a su PBS o APS, seg\u00fan corresponda; otros 1.016\nhombres entre 75 y 79 a\u00f1os recibir\u00e1n $33.060; y 2.802 hombres menores de 75\na\u00f1os, recibir\u00e1n un adicional de $27.550, de los cuales 648 son beneficiarios de\npensi\u00f3n de invalidez.<\/p>\n","protected":false},"excerpt":{"rendered":"<p>Hasta las acogedoras instalaciones de la Fundaci\u00f3n Humanitaria Cavirata lleg\u00f3 el intendente (s) de Magallanes, Eduardo Schiappacasse; junto a la Seremi del Trabajo y Previsi\u00f3n Social, Victoria Cort\u00e9s, para dar&#8230; <a class=\"read-more\" href=\"https:\/\/www.radiopresidenteibanez.cl\/web\/autoridades-comparten-con-adultos-mayores-y-explican-aumentos-del-pilar-solidario\/\">Leer m\u00e1s<\/a><\/p>\n","protected":false},"author":2,"featured_media":8611,"comment_status":"closed","ping_status":"closed","sticky":false,"template":"","format":"standard","meta":{"footnotes":""},"categories":[1],"tags":[],"class_list":["post-8610","post","type-post","status-publish","format-standard","has-post-thumbnail","hentry","category-cronica"],"_links":{"self":[{"href":"https:\/\/www.radiopresidenteibanez.cl\/web\/wp-json\/wp\/v2\/posts\/8610","targetHints":{"allow":["GET"]}}],"collection":[{"href":"https:\/\/www.radiopresidenteibanez.cl\/web\/wp-json\/wp\/v2\/posts"}],"about":[{"href":"https:\/\/www.radiopresidenteibanez.cl\/web\/wp-json\/wp\/v2\/types\/post"}],"author":[{"embeddable":true,"href":"https:\/\/www.radiopresidenteibanez.cl\/web\/wp-json\/wp\/v2\/users\/2"}],"replies":[{"embeddable":true,"href":"https:\/\/www.radiopresidenteibanez.cl\/web\/wp-json\/wp\/v2\/comments?post=8610"}],"version-history":[{"count":0,"href":"https:\/\/www.radiopresidenteibanez.cl\/web\/wp-json\/wp\/v2\/posts\/8610\/revisions"}],"wp:featuredmedia":[{"embeddable":true,"href":"https:\/\/www.radiopresidenteibanez.cl\/web\/wp-json\/wp\/v2\/media\/8611"}],"wp:attachment":[{"href":"https:\/\/www.radiopresidenteibanez.cl\/web\/wp-json\/wp\/v2\/media?parent=8610"}],"wp:term":[{"taxonomy":"category","embeddable":true,"href":"https:\/\/www.radiopresidenteibanez.cl\/web\/wp-json\/wp\/v2\/categories?post=8610"},{"taxonomy":"post_tag","embeddable":true,"href":"https:\/\/www.radiopresidenteibanez.cl\/web\/wp-json\/wp\/v2\/tags?post=8610"}],"curies":[{"name":"wp","href":"https:\/\/api.w.org\/{rel}","templated":true}]}}